{"id":236,"date":"2009-09-13T21:35:11","date_gmt":"2009-09-13T21:35:11","guid":{"rendered":"http:\/\/fcpolit.unr.edu.ar\/blogs\/redaccion1-margarit\/2009\/09\/13\/linkeando-el-plano-i-rutas-tragicas\/"},"modified":"2009-09-13T21:35:11","modified_gmt":"2009-09-13T21:35:11","slug":"linkeando-el-plano-i-rutas-tragicas","status":"publish","type":"post","link":"https:\/\/redaccion1.fcpolit.unr.edu.ar\/comision-margarit\/2009\/09\/13\/linkeando-el-plano-i-rutas-tragicas\/","title":{"rendered":"Linkeando el plano I: Rutas tr\u00e1gicas"},"content":{"rendered":"<p><strong>Por Gast\u00f3n Di Rico y Mauro Far\u00edas*<\/strong><br \/>\n<img loading=\"lazy\" decoding=\"async\" alt=\"1.jpg\" src=\"http:\/\/www.bdp.org.ar\/facultad\/catedras\/comsoc\/redaccion1\/margarit\/1.jpg\" width=\"300\" height=\"180\" align=\"right\" hspace=\"10\" \/><br \/>\nOcho personas perdieron la vida en un <a href=\"http:\/\/lacapital.com.ar\/ed_impresa\/2009\/9\/edicion_320\/contenidos\/noticia_5751.html\">choque frontal<\/a> en Ramona<br \/>\nEl incidente se registr\u00f3 ayer a la madrugada en una recta de la ruta 22, en cercan\u00edas de esa peque\u00f1a localidad. Una persona que sobrevivi\u00f3 fue trasladada a Rafaela. En uno de los coches viajaban j\u00f3venes y en el otro una familia.<\/p>\n<p><!--more--><br \/>\nOcho muertos fue el terrible saldo de una colisi\u00f3n frontal que se registr\u00f3 a las 5,10 de ayer, entre dos autos en la ruta 22, a un kil\u00f3metro y medio de la peque\u00f1a localidad santafesina de Ramona, en el l\u00edmite con C\u00f3rdoba.<br \/>\nEn uno de los coches -un Fiat Siena- se traladaban j\u00f3venes de entre 14 y 20 a\u00f1os que hab\u00edan estado en un boliche y en el otro -un Ford Escort- un matrimonio y una sobrina, la \u00fanica sobreviviente que est\u00e1 internada en grave estado en el hospital de Rafaela.<br \/>\nTrascendi\u00f3 que los muchachos, <a href=\"http:\/\/lacapital.com.ar\/ed_impresa\/2009\/9\/edicion_320\/contenidos\/noticia_5752.html\">cuyos cuerpos quedaron desperdigados <\/a>en el sector como consecuencia de los vuelcos que dio el veh\u00edculo, ven\u00edan de divertirse en Freyre.<br \/>\nA esa altura la ruta es una larga ruta, con el asfalto sin irregularidades, donde se puede percibir una extensa frenada.<br \/>\nEl intendente de Ramona, Ceferino Mondino, confirm\u00f3 la lamentable noticia a Cadena 3, minutos despu\u00e9s del incidente: &#8220;Estamos muy acongojados. Colisionaron dos coches a la salida del pueblo. No sabemos que pas\u00f3. Solamente uno sobrevivi\u00f3&#8221;.<br \/>\nEsas fueron las primeras palabras, con voz quebrada del jefe comunal. Despu\u00e9s pudo sortear apenas la angustia y a\u00f1adi\u00f3: &#8220;La escena es incre\u00edble. Los cuerpos de los chicos est\u00e1n tirados por todos lados. Nos estamos mirando todos y no lo podemos creer. Esto es como una pel\u00edcula&#8221;.<br \/>\n&#8220;En uno de los autos viajaba una familia y en el otro un grupo de j\u00f3venes que seguramente ven\u00edan de un boliche, <a href=\"http:\/\/www.clarin.com\/diario\/2009\/09\/06\/sociedad\/s-01993045.htm\">todos son de nuestro pueblo<\/a>&#8220;, concluy\u00f3.<br \/>\nA media ma\u00f1ana, el juez correccionar Osvaldo Carlos dijo a Cadena 3: &#8220;Hay una gran consternaci\u00f3n en Ramona. La polic\u00eda, los bomberos y los m\u00e9dicos han trabajando intensamente. Ahora buscamos determinar las causas que provocaron la colisi\u00f3n&#8221;.<br \/>\n<u>Consideraciones sobre esta noticia<\/u><br \/>\nEn cuanto a la conformaci\u00f3n de la <a href=\"http:\/\/www.notife.com\/noticia\/articulo\/979654\/zona\/3\/Ocho_personas_perdieron_la_vida_en_un_choque_frontal_en_Ramona.html\">noticia<\/a>, consideramos que el periodista ha respetado el modo de jerarquizar los hechos, bas\u00e1ndose en las pautas que implica la pir\u00e1mide invertida. Sin embargo, hemos notado, algunos detalles a la hora de redactar que consideramos que son err\u00f3neos, por ejemplo: \u201cA esa altura la ruta es una larga ruta\u201d. M\u00e1s all\u00e1 de la redundancia, tambi\u00e9n se torna confusa la interpretaci\u00f3n de la oraci\u00f3n puesto que no se entiende cu\u00e1l fue el prop\u00f3sito que tuvo el periodista al incluirla en la noticia. Posee cierta ambig\u00fcedad que complica al lector.<br \/>\nDejando de lado este error, debemos reconocer que ha utilizado de forma correcta los enunciados referidos, tanto en estilo directo como en el indirecto.<br \/>\nCon respecto a la tem\u00e1tica tratada, podr\u00eda decirse que el modo de expresarse es el correcto para este estilo de noticias debido a que, si bien se trata de un vocabulario  poco t\u00e9cnico, la noticia no ped\u00eda conceptos muy trabajados. Por \u00faltimo, y esto como una apreciaci\u00f3n personal, nos pareci\u00f3 un tanto larga la bajada.<br \/>\n<strong>*Gast\u00f3n y Mauro son alumnos de primer a\u00f1o en la carrera de Comunicaci\u00f3n Social. <\/strong><\/p>\n","protected":false},"excerpt":{"rendered":"<p>Por Gast\u00f3n Di Rico y Mauro Far\u00edas* Ocho personas perdieron la vida en un choque frontal en Ramona El incidente se registr\u00f3 ayer a la madrugada en una recta de la ruta 22, en cercan\u00edas de esa peque\u00f1a localidad. Una persona que sobrevivi\u00f3 fue trasladada a Rafaela. En uno de los coches viajaban j\u00f3venes y [&hellip;]<\/p>\n","protected":false},"author":1,"featured_media":0,"comment_status":"open","ping_status":"closed","sticky":false,"template":"","format":"standard","meta":{"footnotes":""},"categories":[4],"tags":[],"_links":{"self":[{"href":"https:\/\/redaccion1.fcpolit.unr.edu.ar\/comision-margarit\/wp-json\/wp\/v2\/posts\/236"}],"collection":[{"href":"https:\/\/redaccion1.fcpolit.unr.edu.ar\/comision-margarit\/wp-json\/wp\/v2\/posts"}],"about":[{"href":"https:\/\/redaccion1.fcpolit.unr.edu.ar\/comision-margarit\/wp-json\/wp\/v2\/types\/post"}],"author":[{"embeddable":true,"href":"https:\/\/redaccion1.fcpolit.unr.edu.ar\/comision-margarit\/wp-json\/wp\/v2\/users\/1"}],"replies":[{"embeddable":true,"href":"https:\/\/redaccion1.fcpolit.unr.edu.ar\/comision-margarit\/wp-json\/wp\/v2\/comments?post=236"}],"version-history":[{"count":0,"href":"https:\/\/redaccion1.fcpolit.unr.edu.ar\/comision-margarit\/wp-json\/wp\/v2\/posts\/236\/revisions"}],"wp:attachment":[{"href":"https:\/\/redaccion1.fcpolit.unr.edu.ar\/comision-margarit\/wp-json\/wp\/v2\/media?parent=236"}],"wp:term":[{"taxonomy":"category","embeddable":true,"href":"https:\/\/redaccion1.fcpolit.unr.edu.ar\/comision-margarit\/wp-json\/wp\/v2\/categories?post=236"},{"taxonomy":"post_tag","embeddable":true,"href":"https:\/\/redaccion1.fcpolit.unr.edu.ar\/comision-margarit\/wp-json\/wp\/v2\/tags?post=236"}],"curies":[{"name":"wp","href":"https:\/\/api.w.org\/{rel}","templated":true}]}}