{"id":2355,"date":"2016-10-10T21:05:05","date_gmt":"2016-10-10T21:05:05","guid":{"rendered":"http:\/\/fcpolit.unr.edu.ar\/blogs\/redaccion1-margarit\/?p=2355"},"modified":"2016-10-10T21:05:05","modified_gmt":"2016-10-10T21:05:05","slug":"trabajo-practico-n-15-cronicas-manzanas","status":"publish","type":"post","link":"https:\/\/redaccion1.fcpolit.unr.edu.ar\/comision-margarit\/2016\/10\/10\/trabajo-practico-n-15-cronicas-manzanas\/","title":{"rendered":"Trabajo Pr\u00e1ctico N\u00b0 15: Cr\u00f3nicas manzanas"},"content":{"rendered":"<p><a href=\"https:\/\/blogs.fcpolit.unr.edu.ar\/redaccion1-margarit\/files\/2016\/10\/PlanoRosario-1887.jpg\"><img loading=\"lazy\" decoding=\"async\" src=\"https:\/\/blogs.fcpolit.unr.edu.ar\/redaccion1-margarit\/files\/2016\/10\/PlanoRosario-1887-300x209.jpg\" alt=\"planorosario-1887\" width=\"300\" height=\"209\" class=\"alignleft size-medium wp-image-2356\" \/><\/a><br \/>\nPara empezar a bucear en el mundo de la narraci\u00f3n, les proponemos el siguiente trabajo pr\u00e1ctico.<br \/>\n<!--more--><\/p>\n<p>Encontrar\u00e1n las consignas en este <a href=\"https:\/\/blogs.fcpolit.unr.edu.ar\/redaccion1-margarit\/cronicas-manzanas\/\">link<\/a>.<br \/>\nFecha de entrega: 28\/10. Deber\u00e1 llevarse impreso a clase y tambi\u00e9n enviarse por correo electr\u00f3nico como todos los TP.<\/p>\n","protected":false},"excerpt":{"rendered":"<p>Para empezar a bucear en el mundo de la narraci\u00f3n, les proponemos el siguiente trabajo pr\u00e1ctico.<\/p>\n","protected":false},"author":17,"featured_media":0,"comment_status":"open","ping_status":"open","sticky":false,"template":"","format":"standard","meta":{"footnotes":""},"categories":[14,16],"tags":[],"_links":{"self":[{"href":"https:\/\/redaccion1.fcpolit.unr.edu.ar\/comision-margarit\/wp-json\/wp\/v2\/posts\/2355"}],"collection":[{"href":"https:\/\/redaccion1.fcpolit.unr.edu.ar\/comision-margarit\/wp-json\/wp\/v2\/posts"}],"about":[{"href":"https:\/\/redaccion1.fcpolit.unr.edu.ar\/comision-margarit\/wp-json\/wp\/v2\/types\/post"}],"author":[{"embeddable":true,"href":"https:\/\/redaccion1.fcpolit.unr.edu.ar\/comision-margarit\/wp-json\/wp\/v2\/users\/17"}],"replies":[{"embeddable":true,"href":"https:\/\/redaccion1.fcpolit.unr.edu.ar\/comision-margarit\/wp-json\/wp\/v2\/comments?post=2355"}],"version-history":[{"count":0,"href":"https:\/\/redaccion1.fcpolit.unr.edu.ar\/comision-margarit\/wp-json\/wp\/v2\/posts\/2355\/revisions"}],"wp:attachment":[{"href":"https:\/\/redaccion1.fcpolit.unr.edu.ar\/comision-margarit\/wp-json\/wp\/v2\/media?parent=2355"}],"wp:term":[{"taxonomy":"category","embeddable":true,"href":"https:\/\/redaccion1.fcpolit.unr.edu.ar\/comision-margarit\/wp-json\/wp\/v2\/categories?post=2355"},{"taxonomy":"post_tag","embeddable":true,"href":"https:\/\/redaccion1.fcpolit.unr.edu.ar\/comision-margarit\/wp-json\/wp\/v2\/tags?post=2355"}],"curies":[{"name":"wp","href":"https:\/\/api.w.org\/{rel}","templated":true}]}}