{"id":2255,"date":"2016-05-09T13:11:48","date_gmt":"2016-05-09T13:11:48","guid":{"rendered":"http:\/\/fcpolit.unr.edu.ar\/blogs\/redaccion1-margarit\/?p=2255"},"modified":"2016-05-09T13:11:48","modified_gmt":"2016-05-09T13:11:48","slug":"resumen-de-la-clase-del-6-de-mayo-2","status":"publish","type":"post","link":"https:\/\/redaccion1.fcpolit.unr.edu.ar\/comision-margarit\/2016\/05\/09\/resumen-de-la-clase-del-6-de-mayo-2\/","title":{"rendered":"Resumen de la clase del 6 de mayo"},"content":{"rendered":"<p>Luego de muchos d\u00edas sin vernos, retomamos las clases el viernes pasado.<!--more--><\/p>\n<p>Trabajamos sobre el modelo de producci\u00f3n escrita de Hayes y Flowers y la reformulaci\u00f3n que Hayes hizo en 1996.<br \/>\nDespu\u00e9s, trabajamos en la planificaci\u00f3n colectiva de un texto sobre la ciudad de Rosario, para una audiencia de estudiantes de otras ciudades que llegan a estudiar a Rosario. A partir de esa planificaci\u00f3n, tendr\u00e1n que realizar el <a href=\"https:\/\/blogs.fcpolit.unr.edu.ar\/redaccion1-margarit\/trabajo-practico-n-4-del-mapa-de-ideas-al-texto-sobre-rosario\/\">TP 4<\/a>.<\/p>\n<p>El <a href=\"https:\/\/blogs.fcpolit.unr.edu.ar\/redaccion1-margarit\/trabajo-practico-n-5-planificacion-borradores-y-redaccion\/\">TP 5 <\/a>consiste en la redacci\u00f3n (planificaci\u00f3n, traducci\u00f3n y revisi\u00f3n) de un texto a partir del tema &#8220;Rosario, ciudad universitaria&#8221;.<\/p>\n<p>En la clase pr\u00f3xima, prevista para el viernes 20\/5, trabajaremos los temas de Audiencia (Texto base 7) y Estrategias de producci\u00f3n.<\/p>\n","protected":false},"excerpt":{"rendered":"<p>Luego de muchos d\u00edas sin vernos, retomamos las clases el viernes pasado.<\/p>\n","protected":false},"author":17,"featured_media":0,"comment_status":"open","ping_status":"open","sticky":false,"template":"","format":"standard","meta":{"footnotes":""},"categories":[14,15],"tags":[],"_links":{"self":[{"href":"https:\/\/redaccion1.fcpolit.unr.edu.ar\/comision-margarit\/wp-json\/wp\/v2\/posts\/2255"}],"collection":[{"href":"https:\/\/redaccion1.fcpolit.unr.edu.ar\/comision-margarit\/wp-json\/wp\/v2\/posts"}],"about":[{"href":"https:\/\/redaccion1.fcpolit.unr.edu.ar\/comision-margarit\/wp-json\/wp\/v2\/types\/post"}],"author":[{"embeddable":true,"href":"https:\/\/redaccion1.fcpolit.unr.edu.ar\/comision-margarit\/wp-json\/wp\/v2\/users\/17"}],"replies":[{"embeddable":true,"href":"https:\/\/redaccion1.fcpolit.unr.edu.ar\/comision-margarit\/wp-json\/wp\/v2\/comments?post=2255"}],"version-history":[{"count":0,"href":"https:\/\/redaccion1.fcpolit.unr.edu.ar\/comision-margarit\/wp-json\/wp\/v2\/posts\/2255\/revisions"}],"wp:attachment":[{"href":"https:\/\/redaccion1.fcpolit.unr.edu.ar\/comision-margarit\/wp-json\/wp\/v2\/media?parent=2255"}],"wp:term":[{"taxonomy":"category","embeddable":true,"href":"https:\/\/redaccion1.fcpolit.unr.edu.ar\/comision-margarit\/wp-json\/wp\/v2\/categories?post=2255"},{"taxonomy":"post_tag","embeddable":true,"href":"https:\/\/redaccion1.fcpolit.unr.edu.ar\/comision-margarit\/wp-json\/wp\/v2\/tags?post=2255"}],"curies":[{"name":"wp","href":"https:\/\/api.w.org\/{rel}","templated":true}]}}