{"id":2243,"date":"2016-04-18T21:21:47","date_gmt":"2016-04-18T21:21:47","guid":{"rendered":"http:\/\/fcpolit.unr.edu.ar\/blogs\/redaccion1-margarit\/?p=2243"},"modified":"2016-04-18T21:21:47","modified_gmt":"2016-04-18T21:21:47","slug":"contexto-para-esto-matara-a-aquello","status":"publish","type":"post","link":"https:\/\/redaccion1.fcpolit.unr.edu.ar\/comision-margarit\/2016\/04\/18\/contexto-para-esto-matara-a-aquello\/","title":{"rendered":"Contexto para Esto matar\u00e1 a aquello"},"content":{"rendered":"<p>Ana Mar\u00eda MARGARIT<\/p>\n<figure id=\"attachment_2244\" aria-describedby=\"caption-attachment-2244\" style=\"width: 198px\" class=\"wp-caption alignright\"><a href=\"https:\/\/blogs.fcpolit.unr.edu.ar\/redaccion1-margarit\/files\/2016\/04\/Notre-Dame.jpg\"><img loading=\"lazy\" decoding=\"async\" class=\"size-medium wp-image-2244\" src=\"https:\/\/blogs.fcpolit.unr.edu.ar\/redaccion1-margarit\/files\/2016\/04\/Notre-Dame-198x300.jpg\" alt=\"Notre Dame\" width=\"198\" height=\"300\" \/><\/a><figcaption id=\"caption-attachment-2244\" class=\"wp-caption-text\">Notre Dame<\/figcaption><\/figure>\n<p><a href=\"http:\/\/aristobulo.psuv.org.ve\/wp-content\/uploads\/2008\/10\/victor-hugo-nuetra-senora-de-paris1.pdf\">Nuestra Se\u00f1ora de Par\u00eds<\/a> es el t\u00edtulo de una de las novelas m\u00e1s populares del escritor franc\u00e9s <a href=\"https:\/\/es.wikipedia.org\/wiki\/Victor_Hugo\">Victor Hugo<\/a> (1802-1885) Fue escrita y publicada en 1831 con el prop\u00f3sito de resistir la ola de destrucci\u00f3n de edificaciones medievales que cundi\u00f3 en Par\u00eds hacia el siglo XIX.\u00a0Ambientada en las fiestas populares de los Reyes Magos del a\u00f1o 1462, cuenta la historia de dos exclu\u00eddos: Esmeralda, una\u00a0jovencita de origen egipcio que baila en la calle, a quien llaman\u00a0 z\u00edngara<\/p>\n<p><!--more--><\/p>\n<p>y Quasimodo, campanero de la catedral de Nuestra Se\u00f1ora de Par\u00eds, hu\u00e9rfano, sordo y jorobado. Estos personajes se entrecruzan con \u00a0el archid\u00e1cono de la catedral, el malvado Claude Follo y otros personajes, en una trama de marginaci\u00f3n y tr\u00e1gico final.<\/p>\n<p>A la par de la an\u00e9cdota, la verdadera protagonista de la novela es la ciudad de Par\u00eds y su \u00e9poca; en foco, la cultura g\u00f3tica, concentrada en la arquitectura de la catedral.<\/p>\n<p>Organizada en libros, la acci\u00f3n novelesca ambientada en el siglo XV est\u00e1 intervenida\u00a0 por ensayos sobre la ciudad, la historia y la cultura, incrustados en la trama con una mirada m\u00e1s propia el siglo XIX.<\/p>\n<p>Privilegiamos el ensayo <a href=\"https:\/\/blogs.fcpolit.unr.edu.ar\/redaccion1-margarit\/esto-matara-a-aquello-el-libro-matara-al-edificio\/\"><strong>Esto matar\u00e1 a aquello. El libro matar\u00e1 al edificio<\/strong><\/a> que teoriza sobre la ciudad como una escritura y sobre el impacto cultural de la creaci\u00f3n de la imprenta de Gutenberg y el libro en relaci\u00f3n a las nuevas\/viejas lecturas de la ciudad.<\/p>\n","protected":false},"excerpt":{"rendered":"<p>Ana Mar\u00eda MARGARIT Nuestra Se\u00f1ora de Par\u00eds es el t\u00edtulo de una de las novelas m\u00e1s populares del escritor franc\u00e9s Victor Hugo (1802-1885) Fue escrita y publicada en 1831 con el prop\u00f3sito de resistir la ola de destrucci\u00f3n de edificaciones medievales que cundi\u00f3 en Par\u00eds hacia el siglo XIX.\u00a0Ambientada en las fiestas populares de los [&hellip;]<\/p>\n","protected":false},"author":1,"featured_media":0,"comment_status":"open","ping_status":"open","sticky":false,"template":"","format":"standard","meta":{"footnotes":""},"categories":[7],"tags":[],"_links":{"self":[{"href":"https:\/\/redaccion1.fcpolit.unr.edu.ar\/comision-margarit\/wp-json\/wp\/v2\/posts\/2243"}],"collection":[{"href":"https:\/\/redaccion1.fcpolit.unr.edu.ar\/comision-margarit\/wp-json\/wp\/v2\/posts"}],"about":[{"href":"https:\/\/redaccion1.fcpolit.unr.edu.ar\/comision-margarit\/wp-json\/wp\/v2\/types\/post"}],"author":[{"embeddable":true,"href":"https:\/\/redaccion1.fcpolit.unr.edu.ar\/comision-margarit\/wp-json\/wp\/v2\/users\/1"}],"replies":[{"embeddable":true,"href":"https:\/\/redaccion1.fcpolit.unr.edu.ar\/comision-margarit\/wp-json\/wp\/v2\/comments?post=2243"}],"version-history":[{"count":0,"href":"https:\/\/redaccion1.fcpolit.unr.edu.ar\/comision-margarit\/wp-json\/wp\/v2\/posts\/2243\/revisions"}],"wp:attachment":[{"href":"https:\/\/redaccion1.fcpolit.unr.edu.ar\/comision-margarit\/wp-json\/wp\/v2\/media?parent=2243"}],"wp:term":[{"taxonomy":"category","embeddable":true,"href":"https:\/\/redaccion1.fcpolit.unr.edu.ar\/comision-margarit\/wp-json\/wp\/v2\/categories?post=2243"},{"taxonomy":"post_tag","embeddable":true,"href":"https:\/\/redaccion1.fcpolit.unr.edu.ar\/comision-margarit\/wp-json\/wp\/v2\/tags?post=2243"}],"curies":[{"name":"wp","href":"https:\/\/api.w.org\/{rel}","templated":true}]}}