{"id":2236,"date":"2016-04-11T11:38:24","date_gmt":"2016-04-11T11:38:24","guid":{"rendered":"http:\/\/fcpolit.unr.edu.ar\/blogs\/redaccion1-margarit\/?p=2236"},"modified":"2016-04-11T11:38:24","modified_gmt":"2016-04-11T11:38:24","slug":"avisos-lecturas-tareas-y-otras-yerbas","status":"publish","type":"post","link":"https:\/\/redaccion1.fcpolit.unr.edu.ar\/comision-margarit\/2016\/04\/11\/avisos-lecturas-tareas-y-otras-yerbas\/","title":{"rendered":"Avisos, lecturas, tareas y otras yerbas"},"content":{"rendered":"<p>Como ya sabr\u00e1n, esta semana hay paro de docentes universitarios durante los d\u00edas mi\u00e9rcoles, jueves y viernes, con lo cual <strong>no tendremos clases de Redacci\u00f3n 1 el viernes 15\/4<\/strong>. La semana siguiente, tampoco tendremos clase ya que hay receso por examen. Por lo tanto y para llegar al 29\/4 sin perder ritmo, les dejamos aqu\u00ed trabajo para este tiempo.<!--more--><\/p>\n<p><strong>Lecturas:<\/strong><br \/>\n<a href=\"https:\/\/blogs.fcpolit.unr.edu.ar\/programa\/2003\/03\/31\/dimension-compleja-de-la-escritura-t-base-1\/\">Texto base 1: Dimensi\u00f3n compleja de la escritura<\/a><br \/>\n<a href=\"https:\/\/blogs.fcpolit.unr.edu.ar\/programa\/2003\/04\/04\/aprendizajes-espontaneo-y-comprometido-t-base-2\/\">Texto Base 2: Aprendizaje espont\u00e1neo y aprendizaje comprometido<\/a><br \/>\n<a href=\"https:\/\/blogs.fcpolit.unr.edu.ar\/programa\/2003\/04\/05\/la-escritura-como-proceso-cognitivo-y-comunicativo-t-base-3\/\">Texto Base 3: La escritura como proceso cognitivo y comunicativo<\/a><br \/>\n<a href=\"https:\/\/blogs.fcpolit.unr.edu.ar\/programa\/2003\/04\/05\/un-modelo-teorico-para-entender-el-mundo-del-escritor-t-base-4\/\">Texto Base 4: Un modelo te\u00f3rico para entender el mundo del escritor<\/a><\/p>\n<p>Les proponemos realizar las lecturas de los textos base y de los fuentes vinculados a ellos, con la ayuda de una <a href=\"https:\/\/blogs.fcpolit.unr.edu.ar\/programa\/2008\/06\/01\/guia-de-lectura-unidad-1\/\">gu\u00eda que confeccion\u00f3 la profesora Marcela Rosales<\/a>. Les proponemos llevar la gu\u00eda resuelta a la clase del 29 para poder trabajar sobre ella.<\/p>\n<p>Atenci\u00f3n que en el Texto Base 4 encontrar\u00e1n un enlace a un texto nuevo, que no vieron el a\u00f1o pasado. En la pr\u00f3xima clase realizaremos un repaso general de estas lecturas pero le dedicaremos particular atenci\u00f3n a ese <a href=\"https:\/\/blogs.fcpolit.unr.edu.ar\/programa\/2016\/03\/28\/reformulacion-de-un-modelo\/\">nuevo texto<\/a>.<\/p>\n<p>Tambi\u00e9n les proponemos la realizaci\u00f3n del TP 2, con <strong>fecha de entrega para el 22\/4<\/strong>: <a href=\"https:\/\/blogs.fcpolit.unr.edu.ar\/programa\/2012\/05\/22\/la-escritura-como-proceso\/\">La escritura como proceso<\/a>. El trabajo deber\u00e1 entregarse en archivo de word adjunto a la direcci\u00f3n de correo ceciliareviglio@hotmail.com.<\/p>\n","protected":false},"excerpt":{"rendered":"<p>Como ya sabr\u00e1n, esta semana hay paro de docentes universitarios durante los d\u00edas mi\u00e9rcoles, jueves y viernes, con lo cual no tendremos clases de Redacci\u00f3n 1 el viernes 15\/4. La semana siguiente, tampoco tendremos clase ya que hay receso por examen. Por lo tanto y para llegar al 29\/4 sin perder ritmo, les dejamos aqu\u00ed [&hellip;]<\/p>\n","protected":false},"author":17,"featured_media":0,"comment_status":"open","ping_status":"open","sticky":false,"template":"","format":"standard","meta":{"footnotes":""},"categories":[14,15],"tags":[],"_links":{"self":[{"href":"https:\/\/redaccion1.fcpolit.unr.edu.ar\/comision-margarit\/wp-json\/wp\/v2\/posts\/2236"}],"collection":[{"href":"https:\/\/redaccion1.fcpolit.unr.edu.ar\/comision-margarit\/wp-json\/wp\/v2\/posts"}],"about":[{"href":"https:\/\/redaccion1.fcpolit.unr.edu.ar\/comision-margarit\/wp-json\/wp\/v2\/types\/post"}],"author":[{"embeddable":true,"href":"https:\/\/redaccion1.fcpolit.unr.edu.ar\/comision-margarit\/wp-json\/wp\/v2\/users\/17"}],"replies":[{"embeddable":true,"href":"https:\/\/redaccion1.fcpolit.unr.edu.ar\/comision-margarit\/wp-json\/wp\/v2\/comments?post=2236"}],"version-history":[{"count":0,"href":"https:\/\/redaccion1.fcpolit.unr.edu.ar\/comision-margarit\/wp-json\/wp\/v2\/posts\/2236\/revisions"}],"wp:attachment":[{"href":"https:\/\/redaccion1.fcpolit.unr.edu.ar\/comision-margarit\/wp-json\/wp\/v2\/media?parent=2236"}],"wp:term":[{"taxonomy":"category","embeddable":true,"href":"https:\/\/redaccion1.fcpolit.unr.edu.ar\/comision-margarit\/wp-json\/wp\/v2\/categories?post=2236"},{"taxonomy":"post_tag","embeddable":true,"href":"https:\/\/redaccion1.fcpolit.unr.edu.ar\/comision-margarit\/wp-json\/wp\/v2\/tags?post=2236"}],"curies":[{"name":"wp","href":"https:\/\/api.w.org\/{rel}","templated":true}]}}