{"id":2144,"date":"2015-08-24T11:11:22","date_gmt":"2015-08-24T11:11:22","guid":{"rendered":"http:\/\/fcpolit.unr.edu.ar\/blogs\/redaccion1-margarit\/?p=2144"},"modified":"2015-08-24T11:11:22","modified_gmt":"2015-08-24T11:11:22","slug":"trabajo-practico-n-10-salir-al-campo-2","status":"publish","type":"post","link":"https:\/\/redaccion1.fcpolit.unr.edu.ar\/comision-margarit\/2015\/08\/24\/trabajo-practico-n-10-salir-al-campo-2\/","title":{"rendered":"Trabajo Pr\u00e1ctico N\u00b0 10: Salir al campo 2"},"content":{"rendered":"<p><strong>Objetivos:<\/strong><br \/>\n1.- que los estudiantes utilicen las categor\u00edas superestructurales de la noticia en la producci\u00f3n de una noticia propia<br \/>\n2.- que los estudiantes realicen una experiencia de b\u00fasqueda de tema propio para redactar un texto period\u00edstico.<br \/>\n<!--more--><\/p>\n<p><strong>Consignas<\/strong><\/p>\n<p>1) Elegir un evento p\u00fablico (manifestaci\u00f3n, espect\u00e1culo, evento cultural, etc.) que resulte de inter\u00e9s para un grupo social y participar del mismo.<br \/>\n2) Tomar nota de toda la informaci\u00f3n necesaria para escribir una noticia sobre el mismo. Recordar registrar informaci\u00f3n referida al clima del lugar, cantidad de asistentes aproximadas y otros datos de color que ayudar\u00e1n a dar cuenta del mismo. De ser posible, hacer algunas preguntas breves a otros participantes.<br \/>\n3) Planificar audiencia y medio de publicaci\u00f3n<br \/>\n4) Utilizar la <a href=\"https:\/\/blogs.fcpolit.unr.edu.ar\/programa\/2008\/04\/02\/coherencia\/\">superestructura<\/a> de noticia para planificar el texto<br \/>\n5) Redactar la noticia y titular. Extensi\u00f3n m\u00ednima: 20 l\u00edneas.<\/p>\n<p><strong>Fecha y modalidad de entrega<\/strong>: viernes 4\/9 por correo electr\u00f3nico a las direcciones: ceciliareviglio@hotmail.com y anitamargarit@gmail.com<\/p>\n","protected":false},"excerpt":{"rendered":"<p>Objetivos: 1.- que los estudiantes utilicen las categor\u00edas superestructurales de la noticia en la producci\u00f3n de una noticia propia 2.- que los estudiantes realicen una experiencia de b\u00fasqueda de tema propio para redactar un texto period\u00edstico.<\/p>\n","protected":false},"author":17,"featured_media":0,"comment_status":"open","ping_status":"open","sticky":false,"template":"","format":"standard","meta":{"footnotes":""},"categories":[9,3],"tags":[],"_links":{"self":[{"href":"https:\/\/redaccion1.fcpolit.unr.edu.ar\/comision-margarit\/wp-json\/wp\/v2\/posts\/2144"}],"collection":[{"href":"https:\/\/redaccion1.fcpolit.unr.edu.ar\/comision-margarit\/wp-json\/wp\/v2\/posts"}],"about":[{"href":"https:\/\/redaccion1.fcpolit.unr.edu.ar\/comision-margarit\/wp-json\/wp\/v2\/types\/post"}],"author":[{"embeddable":true,"href":"https:\/\/redaccion1.fcpolit.unr.edu.ar\/comision-margarit\/wp-json\/wp\/v2\/users\/17"}],"replies":[{"embeddable":true,"href":"https:\/\/redaccion1.fcpolit.unr.edu.ar\/comision-margarit\/wp-json\/wp\/v2\/comments?post=2144"}],"version-history":[{"count":0,"href":"https:\/\/redaccion1.fcpolit.unr.edu.ar\/comision-margarit\/wp-json\/wp\/v2\/posts\/2144\/revisions"}],"wp:attachment":[{"href":"https:\/\/redaccion1.fcpolit.unr.edu.ar\/comision-margarit\/wp-json\/wp\/v2\/media?parent=2144"}],"wp:term":[{"taxonomy":"category","embeddable":true,"href":"https:\/\/redaccion1.fcpolit.unr.edu.ar\/comision-margarit\/wp-json\/wp\/v2\/categories?post=2144"},{"taxonomy":"post_tag","embeddable":true,"href":"https:\/\/redaccion1.fcpolit.unr.edu.ar\/comision-margarit\/wp-json\/wp\/v2\/tags?post=2144"}],"curies":[{"name":"wp","href":"https:\/\/api.w.org\/{rel}","templated":true}]}}