{"id":213,"date":"2009-05-19T23:42:15","date_gmt":"2009-05-19T23:42:15","guid":{"rendered":"http:\/\/fcpolit.unr.edu.ar\/blogs\/redaccion1-margarit\/2009\/05\/19\/salir-del-termo-1-sdt1\/"},"modified":"2009-05-19T23:42:15","modified_gmt":"2009-05-19T23:42:15","slug":"salir-del-termo-1-sdt1","status":"publish","type":"post","link":"https:\/\/redaccion1.fcpolit.unr.edu.ar\/comision-margarit\/2009\/05\/19\/salir-del-termo-1-sdt1\/","title":{"rendered":"Salir del termo 1 (SDT1)"},"content":{"rendered":"<p><img loading=\"lazy\" decoding=\"async\" alt=\"64_imgGrande_40-anos-del-rosariazo.jpg\" src=\"http:\/\/www.bdp.org.ar\/facultad\/catedras\/comsoc\/redaccion1\/margarit\/64_imgGrande_40-anos-del-rosariazo.jpg\" width=\"320\" height=\"240\" \/><br \/>\nDeben concurrir y participar de alguno de los siguientes acontecimientos, luego redactar un texto informativo, de al menos una carilla de material, titulado, que puede estar acompa\u00f1ado de notas gr\u00e1ficas, videos o audios y presentarlo el dia 26 de mayo en clase o v\u00eda mail.<\/p>\n<p><!--more--><br \/>\nLos encuentros entre los que podr\u00e1n elegir para este trabajo pr\u00e1ctico son los siguientes:<br \/>\n<a href=\"http:\/\/www.bdp.org.ar\/facultad\/catedras\/comsoc\/redaccion1\/2009\/05\/invitacion_para_participar_de.php#more\">Intercambio de tecnolog\u00edas<\/a>, el 21 de mayo a las 9.<br \/>\n<a href=\"http:\/\/www.encuentrodemusicos.com.ar\/\">Sexto encuentro de m\u00fasicos<\/a>, conciertos desde el 20 al 24 de mayo; talleres hasta el 22 de mayo. M\u00e1s info en el sitio.<br \/>\n<a href=\"http:\/\/www.museodelaciudad.org.ar\/exhibiciones-rosariazo.htm\">Conmemoraci\u00f3n del Rosariazo<\/a>, muestra testimonial en el Museo de la Ciudad. Averiguar en el sitio los horarios en que est\u00e1 abierta la muestra.<\/p>\n","protected":false},"excerpt":{"rendered":"<p>Deben concurrir y participar de alguno de los siguientes acontecimientos, luego redactar un texto informativo, de al menos una carilla de material, titulado, que puede estar acompa\u00f1ado de notas gr\u00e1ficas, videos o audios y presentarlo el dia 26 de mayo en clase o v\u00eda mail.<\/p>\n","protected":false},"author":1,"featured_media":0,"comment_status":"open","ping_status":"closed","sticky":false,"template":"","format":"standard","meta":{"footnotes":""},"categories":[3],"tags":[],"_links":{"self":[{"href":"https:\/\/redaccion1.fcpolit.unr.edu.ar\/comision-margarit\/wp-json\/wp\/v2\/posts\/213"}],"collection":[{"href":"https:\/\/redaccion1.fcpolit.unr.edu.ar\/comision-margarit\/wp-json\/wp\/v2\/posts"}],"about":[{"href":"https:\/\/redaccion1.fcpolit.unr.edu.ar\/comision-margarit\/wp-json\/wp\/v2\/types\/post"}],"author":[{"embeddable":true,"href":"https:\/\/redaccion1.fcpolit.unr.edu.ar\/comision-margarit\/wp-json\/wp\/v2\/users\/1"}],"replies":[{"embeddable":true,"href":"https:\/\/redaccion1.fcpolit.unr.edu.ar\/comision-margarit\/wp-json\/wp\/v2\/comments?post=213"}],"version-history":[{"count":0,"href":"https:\/\/redaccion1.fcpolit.unr.edu.ar\/comision-margarit\/wp-json\/wp\/v2\/posts\/213\/revisions"}],"wp:attachment":[{"href":"https:\/\/redaccion1.fcpolit.unr.edu.ar\/comision-margarit\/wp-json\/wp\/v2\/media?parent=213"}],"wp:term":[{"taxonomy":"category","embeddable":true,"href":"https:\/\/redaccion1.fcpolit.unr.edu.ar\/comision-margarit\/wp-json\/wp\/v2\/categories?post=213"},{"taxonomy":"post_tag","embeddable":true,"href":"https:\/\/redaccion1.fcpolit.unr.edu.ar\/comision-margarit\/wp-json\/wp\/v2\/tags?post=213"}],"curies":[{"name":"wp","href":"https:\/\/api.w.org\/{rel}","templated":true}]}}