{"id":2119,"date":"2015-06-27T19:20:35","date_gmt":"2015-06-27T19:20:35","guid":{"rendered":"http:\/\/fcpolit.unr.edu.ar\/blogs\/redaccion1-margarit\/?p=2119"},"modified":"2015-06-27T19:20:35","modified_gmt":"2015-06-27T19:20:35","slug":"pautas-para-el-estudio-de-la-unidad-dos","status":"publish","type":"post","link":"https:\/\/redaccion1.fcpolit.unr.edu.ar\/comision-margarit\/2015\/06\/27\/pautas-para-el-estudio-de-la-unidad-dos\/","title":{"rendered":"Pautas para el estudio de la Unidad dos"},"content":{"rendered":"<p><strong>Por Cecilia Reviglio<\/strong><\/p>\n<p>Esta unidad se propone profundizar algunos primeros planteos que hicimos en la unidad uno respecto de la lectura, para seguir pregunt\u00e1ndonos por qu\u00e9 la lectura y la escritura son procesos inseparables en nuestra cultura. <!--more--><\/p>\n<p>Repasaremos una serie de textos que abordan la problem\u00e1tica de la lectura desde la perspectiva, todav\u00eda de los que se llaman textos planos, es decir, textos previos a la aparici\u00f3n de la multimedialidad, tipos de texto que hoy seguimos consumiendo y mucho. Pero tambi\u00e9n intentaremos incorporar algunos planteos referidos a los cambios que se han dado en la lectura a partir de los procesos de digitalizaci\u00f3n de los textos que han llevado a lo que hoy conocemos como hipertextos.<\/p>\n<p>Tal como lo hicimos con la escritura en la unidad 1, intentaremos aqu\u00ed reflexionar sobre nuestras propias pr\u00e1cticas de lectura a partir de consignas de trabajo.<\/p>\n<p>Para todo esto, les proponemos estos caminos:<\/p>\n<p>1.\tDefinir el concepto de \u201clectura\u201d<br \/>\n2.\tHacer un breve repaso por algunas teor\u00edas y estudios que se han ocupado de la lectura<br \/>\n3.\tAnalizar el mundo del lector<br \/>\n4.\tEstudiar las acciones \/ tareas que el lector realiza para lograr la comprensi\u00f3n de los textos<br \/>\n5.\tAnalizar qu\u00e9 factores influyen facilitando o dificultando la comprensi\u00f3n de los textos<br \/>\n6.\tReflexionar sobre los diferentes formatos de los textos y c\u00f3mo estos formatos influyen en los modos de leer.<\/p>\n<p>Recorrer\u00e1n estos caminos acompa\u00f1ados de la lectura de la bibliograf\u00eda citada a continuaci\u00f3n. Si lo prefieren, podr\u00e1n guiarse por una <a href=\"https:\/\/blogs.fcpolit.unr.edu.ar\/redaccion1-margarit\/guia-de-lectura-unidad-2\/\">serie de preguntas<\/a> que a modo de br\u00fajula los auxiliar\u00e1 en la lectura de los textos. Asimismo, la resoluci\u00f3n de dos trabajos pr\u00e1cticos cerrar\u00e1 el proceso de aprendizaje de los conceptos de la unidad dos.<\/p>\n<p><strong>Bibliograf\u00eda<\/strong><br \/>\n<a href=\"https:\/\/blogs.fcpolit.unr.edu.ar\/programa\/category\/unidad-ii\/textos-base-u2\/\">Textos base<\/a>:<br \/>\n1) La lectura como proceso cognitivo y comunicativo<br \/>\n2) Estrategias para la comprensi\u00f3n lectora<br \/>\n3) La comprensi\u00f3n y la estructura de los textos<br \/>\n4) Complementaci\u00f3n de los procesos de escritura y lectura<\/p>\n<p><a href=\"https:\/\/blogs.fcpolit.unr.edu.ar\/programa\/category\/unidad-ii\/textos-fuente-u2\/\">Textos Fuente<\/a> seg\u00fan los textos base:<br \/>\nTexto Base 1: <a href=\"https:\/\/blogs.fcpolit.unr.edu.ar\/programa\/2008\/05\/17\/el-proceso-de-lectura-una-actividad-con-facetas-diversas-claudia-mazza\/\">El proceso de lectura, una actividad con facetas diversas<\/a> (Claudia Mazza); <a href=\"https:\/\/blogs.fcpolit.unr.edu.ar\/programa\/2008\/07\/17\/que-es-leer-daniel-cassany\/\">Qu\u00e9 es leer<\/a> (Daniuel Cassany); <a href=\"https:\/\/blogs.fcpolit.unr.edu.ar\/programa\/2008\/03\/10\/comprension-proceso-cognitivo-estrategico-jose-a-leon\/\">Comprensi\u00f3n, proceso cognitivo estrat\u00e9gico<\/a> (Jos\u00e9 A. Le\u00f3n).<\/p>\n<p>Texto Base 2: <a href=\"https:\/\/blogs.fcpolit.unr.edu.ar\/programa\/2008\/03\/10\/las-tareas-de-los-lectores-mabel-marro-y-amalia-dellamea\/\">Las tareas de los lectores<\/a> (Marro y Dellamea); <a href=\"https:\/\/blogs.fcpolit.unr.edu.ar\/programa\/2008\/03\/10\/las-inferencias-jose-a-leon\/\">Las inferencias<\/a> (Le\u00f3n)<\/p>\n<p>Texto Base 3: <a href=\"https:\/\/blogs.fcpolit.unr.edu.ar\/programa\/2008\/03\/10\/la-estructura-de-los-textos-y-la-comprension-mabel-marro-y-amalia-dellamea\/\">La estructura de los textos y la comprensi\u00f3n<\/a> (Marro y Dellamea); <a href=\"https:\/\/blogs.fcpolit.unr.edu.ar\/programa\/2008\/03\/10\/estados-afectivos-cognitivos-y-metacognitivos-mabel-marro-y-amalia-dellamea\/\">Estados afectivos, cognitivos y mtacognitivos<\/a> (Marro y Dellamea) <a href=\"https:\/\/blogs.fcpolit.unr.edu.ar\/redaccion1-margarit\/la-influencia-de-los-soportes-textuales-en-las-practicas-de-lectura-un-recorrido-por-la-historia-de-los-textos-escritos\/\">La influencia de los soportes textuales en las pr\u00e1cticas de lectura: un recorrido por la historia de los textos escritos<\/a> (Reviglio).<\/p>\n<p>Texto Base 4: <a href=\"https:\/\/blogs.fcpolit.unr.edu.ar\/programa\/2003\/04\/05\/leer-mucho-y-leer-bien-noe-jitrik\/\">Leer mucho y leer bien<\/a> (Jitrik); <a href=\"https:\/\/blogs.fcpolit.unr.edu.ar\/programa\/2003\/04\/05\/leer-como-un-escritor-daniel-cassany\/\">Leer como un escritor<\/a> (Cassany).<\/p>\n<p>Textos que vinculan la lectura con lo digital:<br \/>\nApuntes sobre:<br \/>\n\u2022\t<a href=\"https:\/\/blogs.fcpolit.unr.edu.ar\/redaccion1-margarit\/ficha-el-proceso-de-lectura-de-hipertextos-una-nueva-forma-de-leer\/\">\u201cEl proceso de lectura de Hipertextos, \u00bfuna nueva forma de leer?\u201d<\/a> de Kenia Lugo de Usategui.<br \/>\n\u2022\t<a href=\"https:\/\/blogs.fcpolit.unr.edu.ar\/redaccion1-margarit\/ficha-leernavegar-en-internet-las-formas-de-lectura-en-la-computadora\/\">\u201cComparaciones entre lectura en papel y en pantalla y Estrategias de lectura\/navegaci\u00f3n en la pantalla\u201d<\/a>, cap 4 del libro Leer\/Navegar en Internet. Las formas de lectura en la computadora, de Francisco Albarello.<\/p>\n<p><a href=\"https:\/\/blogs.fcpolit.unr.edu.ar\/redaccion1-margarit\/guia-de-lectura-unidad-2\/\">Gu\u00eda de preguntas sobre unidad 2 <\/a>(de realizaci\u00f3n opcional)<\/p>\n<p><strong>Realizaci\u00f3n de Trabajos Pr\u00e1cticos<\/strong><br \/>\n1)\t<a href=\"https:\/\/blogs.fcpolit.unr.edu.ar\/redaccion1-margarit\/trabajo-practico-n6-en-proceso-de-lectura\/\">TP 6: En proceso de lectura<\/a>.<br \/>\nFecha de entrega: martes 28\/7 por correo electr\u00f3nico a los correos:<\/p>\n<p>2)\t<a href=\"https:\/\/blogs.fcpolit.unr.edu.ar\/redaccion1-margarit\/trabajo-practico-n-7-lectores-transmediales-una-fotografia-de-las-practicas-actuales\/\">TP 7: Lectores transmediales. Una fotograf\u00eda de las pr\u00e1cticas actuales<\/a>.<br \/>\nFecha de entrega: martes 28\/7 por correo electr\u00f3nico<\/p>\n","protected":false},"excerpt":{"rendered":"<p>Por Cecilia Reviglio Esta unidad se propone profundizar algunos primeros planteos que hicimos en la unidad uno respecto de la lectura, para seguir pregunt\u00e1ndonos por qu\u00e9 la lectura y la escritura son procesos inseparables en nuestra cultura.<\/p>\n","protected":false},"author":17,"featured_media":0,"comment_status":"open","ping_status":"open","sticky":false,"template":"","format":"standard","meta":{"footnotes":""},"categories":[9,10],"tags":[],"_links":{"self":[{"href":"https:\/\/redaccion1.fcpolit.unr.edu.ar\/comision-margarit\/wp-json\/wp\/v2\/posts\/2119"}],"collection":[{"href":"https:\/\/redaccion1.fcpolit.unr.edu.ar\/comision-margarit\/wp-json\/wp\/v2\/posts"}],"about":[{"href":"https:\/\/redaccion1.fcpolit.unr.edu.ar\/comision-margarit\/wp-json\/wp\/v2\/types\/post"}],"author":[{"embeddable":true,"href":"https:\/\/redaccion1.fcpolit.unr.edu.ar\/comision-margarit\/wp-json\/wp\/v2\/users\/17"}],"replies":[{"embeddable":true,"href":"https:\/\/redaccion1.fcpolit.unr.edu.ar\/comision-margarit\/wp-json\/wp\/v2\/comments?post=2119"}],"version-history":[{"count":0,"href":"https:\/\/redaccion1.fcpolit.unr.edu.ar\/comision-margarit\/wp-json\/wp\/v2\/posts\/2119\/revisions"}],"wp:attachment":[{"href":"https:\/\/redaccion1.fcpolit.unr.edu.ar\/comision-margarit\/wp-json\/wp\/v2\/media?parent=2119"}],"wp:term":[{"taxonomy":"category","embeddable":true,"href":"https:\/\/redaccion1.fcpolit.unr.edu.ar\/comision-margarit\/wp-json\/wp\/v2\/categories?post=2119"},{"taxonomy":"post_tag","embeddable":true,"href":"https:\/\/redaccion1.fcpolit.unr.edu.ar\/comision-margarit\/wp-json\/wp\/v2\/tags?post=2119"}],"curies":[{"name":"wp","href":"https:\/\/api.w.org\/{rel}","templated":true}]}}