{"id":210,"date":"2009-05-04T18:05:40","date_gmt":"2009-05-04T18:05:40","guid":{"rendered":"http:\/\/fcpolit.unr.edu.ar\/blogs\/redaccion1-margarit\/2009\/05\/04\/clase-del-5-de-mayo\/"},"modified":"2009-05-04T18:05:40","modified_gmt":"2009-05-04T18:05:40","slug":"clase-del-5-de-mayo","status":"publish","type":"post","link":"https:\/\/redaccion1.fcpolit.unr.edu.ar\/comision-margarit\/2009\/05\/04\/clase-del-5-de-mayo\/","title":{"rendered":"Clase del 5 de mayo"},"content":{"rendered":"<p>Les hago acordar que la clase del martes 5 de mayo se dar\u00e1 en la sala de computadoras y que deben llevar el material para planificar y elaborar el texto del trabajo pr\u00e1ctico <a href=\"http:\/\/www.bdp.org.ar\/facultad\/catedras\/comsoc\/redaccion1\/unidades\/2008\/03\/planificacion_borradores_y_rev.php\">Planificaci\u00f3n, borradores y redacci\u00f3n<\/a>.<\/p>\n<p><!--more--><br \/>\nNo se olviden.<\/p>\n","protected":false},"excerpt":{"rendered":"<p>Les hago acordar que la clase del martes 5 de mayo se dar\u00e1 en la sala de computadoras y que deben llevar el material para planificar y elaborar el texto del trabajo pr\u00e1ctico Planificaci\u00f3n, borradores y redacci\u00f3n.<\/p>\n","protected":false},"author":1,"featured_media":0,"comment_status":"open","ping_status":"closed","sticky":false,"template":"","format":"standard","meta":{"footnotes":""},"categories":[2],"tags":[],"_links":{"self":[{"href":"https:\/\/redaccion1.fcpolit.unr.edu.ar\/comision-margarit\/wp-json\/wp\/v2\/posts\/210"}],"collection":[{"href":"https:\/\/redaccion1.fcpolit.unr.edu.ar\/comision-margarit\/wp-json\/wp\/v2\/posts"}],"about":[{"href":"https:\/\/redaccion1.fcpolit.unr.edu.ar\/comision-margarit\/wp-json\/wp\/v2\/types\/post"}],"author":[{"embeddable":true,"href":"https:\/\/redaccion1.fcpolit.unr.edu.ar\/comision-margarit\/wp-json\/wp\/v2\/users\/1"}],"replies":[{"embeddable":true,"href":"https:\/\/redaccion1.fcpolit.unr.edu.ar\/comision-margarit\/wp-json\/wp\/v2\/comments?post=210"}],"version-history":[{"count":0,"href":"https:\/\/redaccion1.fcpolit.unr.edu.ar\/comision-margarit\/wp-json\/wp\/v2\/posts\/210\/revisions"}],"wp:attachment":[{"href":"https:\/\/redaccion1.fcpolit.unr.edu.ar\/comision-margarit\/wp-json\/wp\/v2\/media?parent=210"}],"wp:term":[{"taxonomy":"category","embeddable":true,"href":"https:\/\/redaccion1.fcpolit.unr.edu.ar\/comision-margarit\/wp-json\/wp\/v2\/categories?post=210"},{"taxonomy":"post_tag","embeddable":true,"href":"https:\/\/redaccion1.fcpolit.unr.edu.ar\/comision-margarit\/wp-json\/wp\/v2\/tags?post=210"}],"curies":[{"name":"wp","href":"https:\/\/api.w.org\/{rel}","templated":true}]}}