{"id":2077,"date":"2015-05-20T21:43:11","date_gmt":"2015-05-20T21:43:11","guid":{"rendered":"http:\/\/fcpolit.unr.edu.ar\/blogs\/redaccion1-margarit\/?p=2077"},"modified":"2015-05-20T21:43:11","modified_gmt":"2015-05-20T21:43:11","slug":"esta-semana-sin-clase","status":"publish","type":"post","link":"https:\/\/redaccion1.fcpolit.unr.edu.ar\/comision-margarit\/2015\/05\/20\/esta-semana-sin-clase\/","title":{"rendered":"Esta semana, sin clase"},"content":{"rendered":"<p>El viernes no daremos clase debido al paro docente que llevar\u00e1 a cabo la Coad en consonancia con 25 universidades nacionales del pa\u00eds.<br \/>\nNuestro pr\u00f3ximo encuentro ser\u00e1, entonces, el 5 de junio.<br \/>\nAprovechen estos d\u00edas sin clase para enviar los TP que deben. Muchos no han enviado ni siquiera el primero!<br \/>\nRetomamos el contacto la semana pr\u00f3xima v\u00eda correo electr\u00f3nico.<\/p>\n","protected":false},"excerpt":{"rendered":"<p>El viernes no daremos clase debido al paro docente que llevar\u00e1 a cabo la Coad en consonancia con 25 universidades nacionales del pa\u00eds. Nuestro pr\u00f3ximo encuentro ser\u00e1, entonces, el 5 de junio. Aprovechen estos d\u00edas sin clase para enviar los TP que deben. Muchos no han enviado ni siquiera el primero! Retomamos el contacto la [&hellip;]<\/p>\n","protected":false},"author":17,"featured_media":0,"comment_status":"open","ping_status":"open","sticky":false,"template":"","format":"standard","meta":{"footnotes":""},"categories":[1],"tags":[],"_links":{"self":[{"href":"https:\/\/redaccion1.fcpolit.unr.edu.ar\/comision-margarit\/wp-json\/wp\/v2\/posts\/2077"}],"collection":[{"href":"https:\/\/redaccion1.fcpolit.unr.edu.ar\/comision-margarit\/wp-json\/wp\/v2\/posts"}],"about":[{"href":"https:\/\/redaccion1.fcpolit.unr.edu.ar\/comision-margarit\/wp-json\/wp\/v2\/types\/post"}],"author":[{"embeddable":true,"href":"https:\/\/redaccion1.fcpolit.unr.edu.ar\/comision-margarit\/wp-json\/wp\/v2\/users\/17"}],"replies":[{"embeddable":true,"href":"https:\/\/redaccion1.fcpolit.unr.edu.ar\/comision-margarit\/wp-json\/wp\/v2\/comments?post=2077"}],"version-history":[{"count":0,"href":"https:\/\/redaccion1.fcpolit.unr.edu.ar\/comision-margarit\/wp-json\/wp\/v2\/posts\/2077\/revisions"}],"wp:attachment":[{"href":"https:\/\/redaccion1.fcpolit.unr.edu.ar\/comision-margarit\/wp-json\/wp\/v2\/media?parent=2077"}],"wp:term":[{"taxonomy":"category","embeddable":true,"href":"https:\/\/redaccion1.fcpolit.unr.edu.ar\/comision-margarit\/wp-json\/wp\/v2\/categories?post=2077"},{"taxonomy":"post_tag","embeddable":true,"href":"https:\/\/redaccion1.fcpolit.unr.edu.ar\/comision-margarit\/wp-json\/wp\/v2\/tags?post=2077"}],"curies":[{"name":"wp","href":"https:\/\/api.w.org\/{rel}","templated":true}]}}