{"id":1937,"date":"2014-09-18T17:51:55","date_gmt":"2014-09-18T17:51:55","guid":{"rendered":"http:\/\/fcpolit.unr.edu.ar\/blogs\/redaccion1-margarit\/?p=1937"},"modified":"2014-09-18T17:51:55","modified_gmt":"2014-09-18T17:51:55","slug":"estudiar-y-resolver-el-practico-de-entrevista","status":"publish","type":"post","link":"https:\/\/redaccion1.fcpolit.unr.edu.ar\/comision-margarit\/2014\/09\/18\/estudiar-y-resolver-el-practico-de-entrevista\/","title":{"rendered":"Estudiar y resolver el pr\u00e1ctico de entrevista"},"content":{"rendered":"<p>Completamos el estudio de la unidad 5 con el abordaje del tema <a title=\"herrramienta\" href=\"https:\/\/blogs.fcpolit.unr.edu.ar\/programa\/2008\/03\/29\/la-entrevista-como-herramienta-de-recoleccion-de-datos\/\">La entrevista como herramienta de recolecci\u00f3n de datos<\/a><\/p>\n<p>A continuaci\u00f3n tienen que resolver el trabajo pr\u00e1ctico <a title=\"entrvst\" href=\"https:\/\/blogs.fcpolit.unr.edu.ar\/programa\/2008\/12\/22\/entrevista-breve-en-el-ambito-universitario\/\">Entrevista breve en el \u00e1mbito universitario<\/a>.<!--more--><\/p>\n<p>Entregar por mail todo el material hasta el 27 de setiembre.<\/p>\n","protected":false},"excerpt":{"rendered":"<p>Completamos el estudio de la unidad 5 con el abordaje del tema La entrevista como herramienta de recolecci\u00f3n de datos A continuaci\u00f3n tienen que resolver el trabajo pr\u00e1ctico Entrevista breve en el \u00e1mbito universitario.<\/p>\n","protected":false},"author":1,"featured_media":0,"comment_status":"open","ping_status":"open","sticky":false,"template":"","format":"standard","meta":{"footnotes":""},"categories":[2],"tags":[],"_links":{"self":[{"href":"https:\/\/redaccion1.fcpolit.unr.edu.ar\/comision-margarit\/wp-json\/wp\/v2\/posts\/1937"}],"collection":[{"href":"https:\/\/redaccion1.fcpolit.unr.edu.ar\/comision-margarit\/wp-json\/wp\/v2\/posts"}],"about":[{"href":"https:\/\/redaccion1.fcpolit.unr.edu.ar\/comision-margarit\/wp-json\/wp\/v2\/types\/post"}],"author":[{"embeddable":true,"href":"https:\/\/redaccion1.fcpolit.unr.edu.ar\/comision-margarit\/wp-json\/wp\/v2\/users\/1"}],"replies":[{"embeddable":true,"href":"https:\/\/redaccion1.fcpolit.unr.edu.ar\/comision-margarit\/wp-json\/wp\/v2\/comments?post=1937"}],"version-history":[{"count":0,"href":"https:\/\/redaccion1.fcpolit.unr.edu.ar\/comision-margarit\/wp-json\/wp\/v2\/posts\/1937\/revisions"}],"wp:attachment":[{"href":"https:\/\/redaccion1.fcpolit.unr.edu.ar\/comision-margarit\/wp-json\/wp\/v2\/media?parent=1937"}],"wp:term":[{"taxonomy":"category","embeddable":true,"href":"https:\/\/redaccion1.fcpolit.unr.edu.ar\/comision-margarit\/wp-json\/wp\/v2\/categories?post=1937"},{"taxonomy":"post_tag","embeddable":true,"href":"https:\/\/redaccion1.fcpolit.unr.edu.ar\/comision-margarit\/wp-json\/wp\/v2\/tags?post=1937"}],"curies":[{"name":"wp","href":"https:\/\/api.w.org\/{rel}","templated":true}]}}