{"id":1931,"date":"2014-09-18T16:20:59","date_gmt":"2014-09-18T16:20:59","guid":{"rendered":"http:\/\/fcpolit.unr.edu.ar\/blogs\/redaccion1-margarit\/?p=1931"},"modified":"2014-09-18T16:20:59","modified_gmt":"2014-09-18T16:20:59","slug":"taller-de-lectura-no-1","status":"publish","type":"post","link":"https:\/\/redaccion1.fcpolit.unr.edu.ar\/comision-margarit\/2014\/09\/18\/taller-de-lectura-no-1\/","title":{"rendered":"Taller de Lectura N\u00ba 1"},"content":{"rendered":"<p>1) Lean los siguientes p\u00e1rrafos desordenados:<\/p>\n<p>A las 7.20 de ayer, empleados policiales buscaron a Liliana Montenegro por su casa de la localidad de Zavalla, en un utilitario Chevrolet Montana plateado. Desde all\u00ed la trasladaron entre 10 y 15 cuadras a la esquina de Laprida y ruta nacional 33 (bulevar Sastre), que el 13 de julio pasado recorri\u00f3 para encontrarse con tres de los cuatro imputados, en una cortada ubicada a unos 20 metros de la ruta que une Zavalla con Casilda.<\/p>\n<p><!--more-->La fiscal <em>(Marianela Luna)<\/em> adelant\u00f3 adem\u00e1s que continuar\u00e1n con las entrevistas a los m\u00e9dicos que se desempe\u00f1an en el Eva Per\u00f3n para intentar echar luz sobre la desaparici\u00f3n de los beb\u00e9s y que posiblemente en el transcurso de la jornada podr\u00e1n contar con el informe definitivo sobre la salud mental de Montenegro, efectuado por un grupo de m\u00e9dicos cordobeses.<\/p>\n<p>Hasta ahora se conoci\u00f3 un resultado preliminar de los an\u00e1lisis efectuados a la mujer, que aseguran que en su relato se encuentra ubicada en tiempo y espacio y descartan la posibilidad de fabulaci\u00f3n.<\/p>\n<p>&#8220;En vez de tratarme como a la v\u00edctima lo hicieron como si fuera la acusada o la culpable de lo que sucedi\u00f3&#8221;, dijo la mujer. Y admiti\u00f3 que el &#8220;momento m\u00e1s angustiante y doloroso fue durante el (simulado) parto porque usaron mu\u00f1ecos (para remplazar a los chicos), y revivir ese momento me afect\u00f3 emocionalmente&#8221;. La situaci\u00f3n por la que atraves\u00f3 fue tan impactante que incluso se descompuso mientras recorr\u00eda la cl\u00ednica donde afirma que nacieron sus hijos apropiados.<\/p>\n<p>La Justicia reconstruy\u00f3 durante ocho horas los hechos denunciados por Liliana Montenegro, la mam\u00e1 de los mellizos desaparecidos de Zavalla; y el parto, que seg\u00fan la mujer fue en el sanatorio de la Uni\u00f3n Obrera Metal\u00fargica (UOM) de Casilda.<\/p>\n<p>A poco de que se cumplan dos meses del nacimiento de los ni\u00f1os a los que Liliana llam\u00f3 Aurora y Valent\u00edn, la mujer volvi\u00f3 a los lugares en los que dijo estar aquel d\u00eda y &#8220;narr\u00f3&#8221; los momentos, acompa\u00f1ada por las fiscales Lorena Aronne y Marianela Luna, que investigan el delito de &#8220;sustracci\u00f3n de menores&#8221;; la jueza casildense Mariel Minetti, abogados de los cuatro acusados, personal de la Direcci\u00f3n provincial de Trata de Personas, de la Tropa de Operaciones Especiales (TOE) y Polic\u00eda de Investigaciones.<\/p>\n<p>&#8220;Fue muy duro y me sent\u00ed maltratada y agredida por los abogados que trataron de confundirme con sus preguntas y la jueza no intervino&#8221;, sintetiz\u00f3 Liliana Montenegro, sobre la sensaci\u00f3n que le dej\u00f3 la reconstrucci\u00f3n de la triste experiencia que le toc\u00f3 vivir hace casi dos meses cuando, asegura, fue despejada de sus beb\u00e9s Aurora y Valent\u00edn, tras dar a luz el 13 de julio en un sanatorio de Casilda.<\/p>\n<p>Seg\u00fan public\u00f3 este diario, semanas atr\u00e1s, Montenegro denunci\u00f3 el 18 de julio que las parejas se le presentaron como miembros de C\u00e1ritas, cuando estaba embarazada. Dijo que le ofrecieron ayuda y le propusieron quedarse con sus beb\u00e9s; que la llevaron a controles previos ante un obstetra; que el d\u00eda del parto la buscaron y la llevaron a Casilda; y que dio a luz, aparentemente, en el sanatorio de la UOM. Agreg\u00f3 que despu\u00e9s la llevaron al Eva Per\u00f3n. Aquel relato, agregaba que le dijeron que los ni\u00f1os hab\u00edan nacido sin vida.<\/p>\n<p>Para el Ministerio P\u00fablico de la Acusaci\u00f3n, se trat\u00f3 de una medida &#8220;muy importante, que aport\u00f3 a la causa&#8221;. Adem\u00e1s, se pudo saber que &#8220;la denunciante ubic\u00f3 cada uno de los lugares en los que manifest\u00f3 haber estado previamente, y que hab\u00eda descripto en su testimonio&#8221;. Hoy, la Fiscal\u00eda emitir\u00e1 un parte de prensa con el resultado del procedimiento.<\/p>\n<p>2) Luego, reord\u00e9nenlos de manera tal que conformen el cuerpo de la noticia y justifiquen conceptualmente cada decisi\u00f3n.<\/p>\n<p>3) Una vez que hayan reordenado los distintos p\u00e1rrafos, redacten un lid adecuado para ese texto noticioso y, posteriormente, redacten el t\u00edtulo de la noticia.<\/p>\n<p>4) Finalmente, intercambien sus trabajos con una compa\u00f1era o un compa\u00f1ero para que cada uno\/a pueda evaluar y aconsejar las distintas etapas del proceso de construcci\u00f3n y resoluci\u00f3n del pr\u00e1ctico.<\/p>\n","protected":false},"excerpt":{"rendered":"<p>1) Lean los siguientes p\u00e1rrafos desordenados: A las 7.20 de ayer, empleados policiales buscaron a Liliana Montenegro por su casa de la localidad de Zavalla, en un utilitario Chevrolet Montana plateado. Desde all\u00ed la trasladaron entre 10 y 15 cuadras a la esquina de Laprida y ruta nacional 33 (bulevar Sastre), que el 13 de [&hellip;]<\/p>\n","protected":false},"author":35,"featured_media":0,"comment_status":"open","ping_status":"open","sticky":false,"template":"","format":"standard","meta":{"footnotes":""},"categories":[6],"tags":[],"_links":{"self":[{"href":"https:\/\/redaccion1.fcpolit.unr.edu.ar\/comision-margarit\/wp-json\/wp\/v2\/posts\/1931"}],"collection":[{"href":"https:\/\/redaccion1.fcpolit.unr.edu.ar\/comision-margarit\/wp-json\/wp\/v2\/posts"}],"about":[{"href":"https:\/\/redaccion1.fcpolit.unr.edu.ar\/comision-margarit\/wp-json\/wp\/v2\/types\/post"}],"author":[{"embeddable":true,"href":"https:\/\/redaccion1.fcpolit.unr.edu.ar\/comision-margarit\/wp-json\/wp\/v2\/users\/35"}],"replies":[{"embeddable":true,"href":"https:\/\/redaccion1.fcpolit.unr.edu.ar\/comision-margarit\/wp-json\/wp\/v2\/comments?post=1931"}],"version-history":[{"count":0,"href":"https:\/\/redaccion1.fcpolit.unr.edu.ar\/comision-margarit\/wp-json\/wp\/v2\/posts\/1931\/revisions"}],"wp:attachment":[{"href":"https:\/\/redaccion1.fcpolit.unr.edu.ar\/comision-margarit\/wp-json\/wp\/v2\/media?parent=1931"}],"wp:term":[{"taxonomy":"category","embeddable":true,"href":"https:\/\/redaccion1.fcpolit.unr.edu.ar\/comision-margarit\/wp-json\/wp\/v2\/categories?post=1931"},{"taxonomy":"post_tag","embeddable":true,"href":"https:\/\/redaccion1.fcpolit.unr.edu.ar\/comision-margarit\/wp-json\/wp\/v2\/tags?post=1931"}],"curies":[{"name":"wp","href":"https:\/\/api.w.org\/{rel}","templated":true}]}}