{"id":1917,"date":"2014-09-09T20:56:23","date_gmt":"2014-09-09T20:56:23","guid":{"rendered":"http:\/\/fcpolit.unr.edu.ar\/blogs\/redaccion1-margarit\/?p=1917"},"modified":"2014-09-09T20:56:23","modified_gmt":"2014-09-09T20:56:23","slug":"estudiar-para-el-viernes-12-de-setiembre","status":"publish","type":"post","link":"https:\/\/redaccion1.fcpolit.unr.edu.ar\/comision-margarit\/2014\/09\/09\/estudiar-para-el-viernes-12-de-setiembre\/","title":{"rendered":"Estudiar para el viernes 12 de setiembre"},"content":{"rendered":"<p>Abordaremos dos temas y los integraremos, tal como nos ocurre cuando nos ponemos a producir textos informativos.<\/p>\n<p>En principio, es necesario actualizar conceptos ya adquiridos sobre lo b\u00e1sico de Noticia. Entonces, veamos los temas:<!--more--><\/p>\n<p><a title=\"noti\" href=\"https:\/\/blogs.fcpolit.unr.edu.ar\/programa\/2008\/03\/11\/noticia-directa-2\/\">Noticia directa<\/a><\/p>\n<p><a title=\"definic\" href=\"https:\/\/blogs.fcpolit.unr.edu.ar\/programa\/2008\/03\/11\/definiciones-y-estructura\/\">Definiciones y estructura<\/a><\/p>\n<p>Adem\u00e1s, veamos el fen\u00f3meno de la enunciaci\u00f3n y su implicaci\u00f3n en el manejo de los discursos directo e indirecto en el texto informativo. Entonces, veamos los temas:<\/p>\n<p><a title=\"enunc\" href=\"https:\/\/blogs.fcpolit.unr.edu.ar\/programa\/2008\/03\/29\/estilos-directo-e-indirecto\/\">Acerca de la enunciaci\u00f3n<\/a><\/p>\n<p><a title=\"enunciados r\" href=\"https:\/\/blogs.fcpolit.unr.edu.ar\/programa\/2008\/03\/29\/enunciados-referidos\/\">Enunciados referidos<\/a><\/p>\n<p>Ser\u00e1 imprescindible que en la clase, todos los participantes tengan impreso o en pantalla los textos propios surgidos de la resoluci\u00f3n del trabajo pr\u00e1ctico <a title=\"ampl\" href=\"https:\/\/blogs.fcpolit.unr.edu.ar\/redaccion1-margarit\/2014\/09\/05\/ampliar-desde-el-titulo-2\/\">Ampliar desde el t\u00edtulo<\/a>. Al mismo tiempo que pondremos en taller esos textos, haremos reconocimiento, producci\u00f3n y evaluaci\u00f3n de los estilos directo e indirecto.<\/p>\n<p><strong>Los invito&#8230;<\/strong><\/p>\n<p>&#8230; a leer las noticias para que la comprensi\u00f3n de todas estas aproximaciones te\u00f3rcias se tornen verdaderamente significativas para nuestro taller. Especialmente, los invito a leer el tema que ya tratamos hace un par de semanas sobre <a title=\"deuda\" href=\"http:\/\/www.pagina12.com.ar\/diario\/economia\/2-254066-2014-08-29.html\">el pedido de dos premios Nobel sobre la reestructuraci\u00f3n de la deuda de los pa\u00edses<\/a>, ya que aquella carta a la ONU va teniendo consecuencias y va inscribiendo un peque\u00f1o tramo de una larga historia. Todo lo que encuentren sobre este tema ser\u00e1 noticia en los pr\u00f3ximos d\u00edas y tendr\u00e1 muchos enunciados referidos, adem\u00e1s de consecuencias pol\u00edticas y econ\u00f3micas.<\/p>\n<p><strong>Les recuerdo&#8230;.<\/strong><\/p>\n<p>Viernes 19 de setiembre, segundo parcial de Redacci\u00f3n 1, comisi\u00f3n 10. A las 14 horas en el aula de siempre. Entran unidades 3 y 4 y lo que lleguemos a dar esta semana.<\/p>\n<p>&nbsp;<\/p>\n<p>&nbsp;<\/p>\n<p>&nbsp;<\/p>\n","protected":false},"excerpt":{"rendered":"<p>Abordaremos dos temas y los integraremos, tal como nos ocurre cuando nos ponemos a producir textos informativos. En principio, es necesario actualizar conceptos ya adquiridos sobre lo b\u00e1sico de Noticia. Entonces, veamos los temas:<\/p>\n","protected":false},"author":1,"featured_media":0,"comment_status":"open","ping_status":"open","sticky":false,"template":"","format":"standard","meta":{"footnotes":""},"categories":[2],"tags":[],"_links":{"self":[{"href":"https:\/\/redaccion1.fcpolit.unr.edu.ar\/comision-margarit\/wp-json\/wp\/v2\/posts\/1917"}],"collection":[{"href":"https:\/\/redaccion1.fcpolit.unr.edu.ar\/comision-margarit\/wp-json\/wp\/v2\/posts"}],"about":[{"href":"https:\/\/redaccion1.fcpolit.unr.edu.ar\/comision-margarit\/wp-json\/wp\/v2\/types\/post"}],"author":[{"embeddable":true,"href":"https:\/\/redaccion1.fcpolit.unr.edu.ar\/comision-margarit\/wp-json\/wp\/v2\/users\/1"}],"replies":[{"embeddable":true,"href":"https:\/\/redaccion1.fcpolit.unr.edu.ar\/comision-margarit\/wp-json\/wp\/v2\/comments?post=1917"}],"version-history":[{"count":0,"href":"https:\/\/redaccion1.fcpolit.unr.edu.ar\/comision-margarit\/wp-json\/wp\/v2\/posts\/1917\/revisions"}],"wp:attachment":[{"href":"https:\/\/redaccion1.fcpolit.unr.edu.ar\/comision-margarit\/wp-json\/wp\/v2\/media?parent=1917"}],"wp:term":[{"taxonomy":"category","embeddable":true,"href":"https:\/\/redaccion1.fcpolit.unr.edu.ar\/comision-margarit\/wp-json\/wp\/v2\/categories?post=1917"},{"taxonomy":"post_tag","embeddable":true,"href":"https:\/\/redaccion1.fcpolit.unr.edu.ar\/comision-margarit\/wp-json\/wp\/v2\/tags?post=1917"}],"curies":[{"name":"wp","href":"https:\/\/api.w.org\/{rel}","templated":true}]}}