{"id":189,"date":"2008-10-28T23:00:12","date_gmt":"2008-10-28T23:00:12","guid":{"rendered":"http:\/\/fcpolit.unr.edu.ar\/blogs\/redaccion1-margarit\/2008\/10\/28\/la-biblioteca-no-dispone-de-un-fondo-permanente-para-invertir-en-las-cosas-que-nos-hacen-falta\/"},"modified":"2008-10-28T23:00:12","modified_gmt":"2008-10-28T23:00:12","slug":"la-biblioteca-no-dispone-de-un-fondo-permanente-para-invertir-en-las-cosas-que-nos-hacen-falta","status":"publish","type":"post","link":"https:\/\/redaccion1.fcpolit.unr.edu.ar\/comision-margarit\/2008\/10\/28\/la-biblioteca-no-dispone-de-un-fondo-permanente-para-invertir-en-las-cosas-que-nos-hacen-falta\/","title":{"rendered":"\u201cLa biblioteca no dispone de un fondo permanente para invertir en las cosas que nos hacen falta \u201c"},"content":{"rendered":"<p><strong>Por Julia Capoduro*<\/strong><br \/>\nEsta entrevista fue realizada a Ana Paula Guti\u00e9rrez, encargada de la biblioteca de nuestra facultad. Aqu\u00ed nos comenta sobre la situaci\u00f3n presupuestaria, y las herramientas y material que podemos encontrar en este espacio.<br \/>\nD\u00eda nublado. Entro a la biblioteca. Silencio. Ana Paula est\u00e1 en el escritorio, otro se\u00f1or por ah\u00ed leyendo un diario. M\u00e1s atr\u00e1s, alguien entre las estanter\u00edas de libros, cajas y fotocopias. Hay olor a papel.<br \/>\n<strong>&#8211; Hola Ana Paula, contanos un poco sobre los elementos que podemos encontrar en la biblioteca de la facultad.<\/strong><br \/>\nEsta es la biblioteca de las cuatro carreras que se dan en la facultad y podes encontrar material bibliogr\u00e1fico referido a todas ellas. No hay demasiadas cosas, ni libros muy espec\u00edficos. S\u00f3lo el material b\u00e1sico.<\/p>\n<p><!--more--><br \/>\n<strong>\u00bfDe d\u00f3nde vienen los fondos para la compra de material? \u00bfExiste alg\u00fan presupuesto dedicado a la biblioteca?<\/strong><br \/>\nLa biblioteca no tiene ning\u00fan presupuesto. Los libros y el material que hay son por donaci\u00f3n o por intercambio con algunas universidades o instituciones. Este es el motivo fundamental por el que no hay una cantidad equilibrada de material para las cuatro carreras de la facultad.<br \/>\nLas computadoras, la fotocopiadora, las puertas de seguridad y todo lo que sea referido a nuevas tecnolog\u00edas entr\u00f3 en la biblioteca por el proyecto FOMEC (Fondo para el Mejoramiento de la Calidad Educativa), que es un fondo internacional destinado a la optimizaci\u00f3n del desarrollo educativo mediante el mejoramiento del soporte tecnol\u00f3gico.<br \/>\n<strong>\u00bfHay alguna iniciativa por parte de ustedes o de alg\u00fan directivo de la facultad para mejorar las condiciones y que la biblioteca pueda brindar un mejor servicio a los alumnos?<\/strong><br \/>\nNosotros presentamos recientemente un proyecto a uno de los directores de una de las escuelas y bueno, se esta charlando. Todav\u00eda no sabemos que va a pasar con eso, pero por lo pronto no hay nada. Lo \u00fanico que compra la facultad son los diarios.<br \/>\n<strong>\u00bfLas agrupaciones de estudiantes hacen algo al respecto?<\/strong><br \/>\nNo demasiado. Por ah\u00ed traen alguna donaci\u00f3n, pero es algo irregular y espor\u00e1dico. Las escuelas tambi\u00e9n bajan material, pero no es que la biblioteca disponga por a\u00f1o o por mes de un fondo permanente para invertir en las cosas que nos hacen falta.<br \/>\n&#8212;&#8212;&#8212;&#8212;&#8212;&#8212;&#8212;&#8212;&#8212;&#8212;&#8212;&#8212;&#8212;&#8212;&#8212;&#8212;&#8212;&#8212;&#8212;&#8212;&#8212;&#8212;&#8212;&#8212;&#8212;&#8212;&#8212;&#8212;&#8212;&#8212;&#8211;<br \/>\n*Julia Capoduro es estudiante de la licenciatura en Comunicaci\u00f3n Social<\/p>\n","protected":false},"excerpt":{"rendered":"<p>Por Julia Capoduro* Esta entrevista fue realizada a Ana Paula Guti\u00e9rrez, encargada de la biblioteca de nuestra facultad. Aqu\u00ed nos comenta sobre la situaci\u00f3n presupuestaria, y las herramientas y material que podemos encontrar en este espacio. D\u00eda nublado. Entro a la biblioteca. Silencio. Ana Paula est\u00e1 en el escritorio, otro se\u00f1or por ah\u00ed leyendo un [&hellip;]<\/p>\n","protected":false},"author":1,"featured_media":0,"comment_status":"open","ping_status":"closed","sticky":false,"template":"","format":"standard","meta":{"footnotes":""},"categories":[3],"tags":[],"_links":{"self":[{"href":"https:\/\/redaccion1.fcpolit.unr.edu.ar\/comision-margarit\/wp-json\/wp\/v2\/posts\/189"}],"collection":[{"href":"https:\/\/redaccion1.fcpolit.unr.edu.ar\/comision-margarit\/wp-json\/wp\/v2\/posts"}],"about":[{"href":"https:\/\/redaccion1.fcpolit.unr.edu.ar\/comision-margarit\/wp-json\/wp\/v2\/types\/post"}],"author":[{"embeddable":true,"href":"https:\/\/redaccion1.fcpolit.unr.edu.ar\/comision-margarit\/wp-json\/wp\/v2\/users\/1"}],"replies":[{"embeddable":true,"href":"https:\/\/redaccion1.fcpolit.unr.edu.ar\/comision-margarit\/wp-json\/wp\/v2\/comments?post=189"}],"version-history":[{"count":0,"href":"https:\/\/redaccion1.fcpolit.unr.edu.ar\/comision-margarit\/wp-json\/wp\/v2\/posts\/189\/revisions"}],"wp:attachment":[{"href":"https:\/\/redaccion1.fcpolit.unr.edu.ar\/comision-margarit\/wp-json\/wp\/v2\/media?parent=189"}],"wp:term":[{"taxonomy":"category","embeddable":true,"href":"https:\/\/redaccion1.fcpolit.unr.edu.ar\/comision-margarit\/wp-json\/wp\/v2\/categories?post=189"},{"taxonomy":"post_tag","embeddable":true,"href":"https:\/\/redaccion1.fcpolit.unr.edu.ar\/comision-margarit\/wp-json\/wp\/v2\/tags?post=189"}],"curies":[{"name":"wp","href":"https:\/\/api.w.org\/{rel}","templated":true}]}}