{"id":1869,"date":"2014-08-26T18:27:01","date_gmt":"2014-08-26T18:27:01","guid":{"rendered":"http:\/\/fcpolit.unr.edu.ar\/blogs\/redaccion1-margarit\/?p=1869"},"modified":"2014-08-26T18:27:01","modified_gmt":"2014-08-26T18:27:01","slug":"estudiar-para-el-29-de-agosto","status":"publish","type":"post","link":"https:\/\/redaccion1.fcpolit.unr.edu.ar\/comision-margarit\/2014\/08\/26\/estudiar-para-el-29-de-agosto\/","title":{"rendered":"Estudiar para el 29 de agosto"},"content":{"rendered":"<figure id=\"attachment_1874\" aria-describedby=\"caption-attachment-1874\" style=\"width: 228px\" class=\"wp-caption alignright\"><a href=\"https:\/\/blogs.fcpolit.unr.edu.ar\/redaccion1-margarit\/files\/2014\/08\/motivossolarespolesello.jpg\"><img loading=\"lazy\" decoding=\"async\" class=\"wp-image-1874 size-medium\" src=\"https:\/\/blogs.fcpolit.unr.edu.ar\/redaccion1-margarit\/files\/2014\/08\/motivossolarespolesello-228x300.jpg\" alt=\"Motivos solares. Rogelio Polesello\" width=\"228\" height=\"300\" \/><\/a><figcaption id=\"caption-attachment-1874\" class=\"wp-caption-text\">Motivos solares. Rogelio Polesello<\/figcaption><\/figure>\n<p>Iniciaremos el estudio de la unidad 4, Coherencia y Cohesi\u00f3n. Para ello es necesario que estudien los siguientes textos:<\/p>\n<p>Los textos base:<\/p>\n<p><a title=\"dos prop\" href=\"https:\/\/blogs.fcpolit.unr.edu.ar\/programa\/2008\/04\/02\/dos-propiedades-del-texto\/\">Dos propiedades del texto<\/a><\/p>\n<p><a title=\"cohe\" href=\"https:\/\/blogs.fcpolit.unr.edu.ar\/programa\/2008\/04\/02\/coherencia\/\">Coherencia<\/a><\/p>\n<p><!--more-->\u00danicamente los textos fuentes que se encuentran enlazados en el base Coherencia:<\/p>\n<p><a title=\"macro\" href=\"https:\/\/blogs.fcpolit.unr.edu.ar\/programa\/2008\/03\/18\/macroestructuras-estructuras-globales-teun-van-dijk\/\">Macroestructuras<\/a><\/p>\n<p><a title=\"macrorr\" href=\"https:\/\/blogs.fcpolit.unr.edu.ar\/programa\/2012\/12\/19\/macrorreglas-de-la-elaboracion-del-texto\/\">Macrorreglas<\/a>. <a title=\"cuadro\" href=\"https:\/\/blogs.fcpolit.unr.edu.ar\/programa\/2012\/12\/19\/macrorreglas-de-la-elaboracion-del-texto\/\">Cuadro macrorreglas<\/a><\/p>\n<p><a title=\"supere\" href=\"https:\/\/blogs.fcpolit.unr.edu.ar\/programa\/2008\/03\/18\/superestructuras-teun-van-dijk\/\">Superestructuras<\/a><\/p>\n<p><a title=\"esquma\" href=\"https:\/\/blogs.fcpolit.unr.edu.ar\/programa\/2009\/09\/21\/van-dijk-otro-esquema-de-noticia\/\">Otro esquema de noticia<\/a><\/p>\n<p><a title=\"factors\" href=\"https:\/\/blogs.fcpolit.unr.edu.ar\/programa\/2008\/03\/19\/factores-de-la-coherencia-m-isabel-de-gregorio-y-m-cristina-rebola\/\">Factores de la coherencia<\/a><\/p>\n<p>Gu\u00eda de estudio de los temas, preguntas para orientar la lectura y comprensi\u00f3n del tema y para trabajar en clase:<\/p>\n<p>\u00bfQu\u00e9 propiedades diferencian a un texto de cualquier otro objeto? \u00bfCon qu\u00e9 dimensiones y niveles se relacionan?<\/p>\n<p>\u00bfQu\u00e9 significa para vos que un texto sea percibido como coherente?<\/p>\n<p><span style=\"color: #333333\">\u00bfC\u00f3mo considera van Dijk a la coherencia? Definir el concepto de coherencia.<\/span><\/p>\n<p><span style=\"color: #333333\">Explicar en qu\u00e9 niveles opera la coherencia.<\/span><\/p>\n<p><span style=\"color: #333333\">\u00bfQu\u00e9 importancia tienen los actos de habla en la coherencia de un texto? \u00bfDe qu\u00e9 manera se relacionan los t\u00e9rminos \u201cactos de habla\u201d y \u201ccontexto\u201d?<\/span><\/p>\n<p><span style=\"color: #333333\"> Explicar qu\u00e9 son las macroestructuras.<\/span><\/p>\n<p><span style=\"color: #333333\">\u00a0\u00bfQu\u00e9 son las macrorreglas? \u00bfCu\u00e1les son las macrorreglas de comprensi\u00f3n? \u00bfC\u00f3mo funcionan?<\/span><\/p>\n<p><span style=\"color: #333333\">\u00bfCu\u00e1les son las macrorreglas de producci\u00f3n? \u00bfC\u00f3mo funcionan?<\/span><\/p>\n<p><span style=\"color: #333333\">\u00bfQu\u00e9 vinculaci\u00f3n existe entre la macrorregla de construcci\u00f3n y los conceptos de \u201cmarco\u201d y \u201cconocimiento de mundo\u201d.<\/span><\/p>\n<p><span style=\"color: #333333\">Explicar qu\u00e9 son las superestructuras.\u00a0<\/span><\/p>\n<p>Encontrar relaciones entre las categor\u00edas de la superestructura de Narraci\u00f3n y la superestructura de Noticia.<\/p>\n<p><span style=\"color: #333333\">\u00bfQu\u00e9 relaci\u00f3n se produce entre superestructura y macroestructura en los textos?<\/span><\/p>\n<p>En Factores de la coherencia se propone que la coherencia se construye en la interacci\u00f3n y gracias a la competencia comunicativa de los usuarios. Puntualizar varios aspectos que justifiquen esta afirmaci\u00f3n.<\/p>\n<p>\u00bfC\u00f3mo se define la conectividad?<\/p>\n<p>\u00bfC\u00f3mo opera la progresi\u00f3n tem\u00e1tica en un texto?<\/p>\n<p>&nbsp;<\/p>\n<p>\u00bf<\/p>\n<p>&nbsp;<\/p>\n","protected":false},"excerpt":{"rendered":"<p>Iniciaremos el estudio de la unidad 4, Coherencia y Cohesi\u00f3n. Para ello es necesario que estudien los siguientes textos: Los textos base: Dos propiedades del texto Coherencia<\/p>\n","protected":false},"author":1,"featured_media":0,"comment_status":"open","ping_status":"open","sticky":false,"template":"","format":"standard","meta":{"footnotes":""},"categories":[2],"tags":[],"_links":{"self":[{"href":"https:\/\/redaccion1.fcpolit.unr.edu.ar\/comision-margarit\/wp-json\/wp\/v2\/posts\/1869"}],"collection":[{"href":"https:\/\/redaccion1.fcpolit.unr.edu.ar\/comision-margarit\/wp-json\/wp\/v2\/posts"}],"about":[{"href":"https:\/\/redaccion1.fcpolit.unr.edu.ar\/comision-margarit\/wp-json\/wp\/v2\/types\/post"}],"author":[{"embeddable":true,"href":"https:\/\/redaccion1.fcpolit.unr.edu.ar\/comision-margarit\/wp-json\/wp\/v2\/users\/1"}],"replies":[{"embeddable":true,"href":"https:\/\/redaccion1.fcpolit.unr.edu.ar\/comision-margarit\/wp-json\/wp\/v2\/comments?post=1869"}],"version-history":[{"count":0,"href":"https:\/\/redaccion1.fcpolit.unr.edu.ar\/comision-margarit\/wp-json\/wp\/v2\/posts\/1869\/revisions"}],"wp:attachment":[{"href":"https:\/\/redaccion1.fcpolit.unr.edu.ar\/comision-margarit\/wp-json\/wp\/v2\/media?parent=1869"}],"wp:term":[{"taxonomy":"category","embeddable":true,"href":"https:\/\/redaccion1.fcpolit.unr.edu.ar\/comision-margarit\/wp-json\/wp\/v2\/categories?post=1869"},{"taxonomy":"post_tag","embeddable":true,"href":"https:\/\/redaccion1.fcpolit.unr.edu.ar\/comision-margarit\/wp-json\/wp\/v2\/tags?post=1869"}],"curies":[{"name":"wp","href":"https:\/\/api.w.org\/{rel}","templated":true}]}}