{"id":1819,"date":"2014-06-06T13:52:41","date_gmt":"2014-06-06T13:52:41","guid":{"rendered":"http:\/\/fcpolit.unr.edu.ar\/blogs\/redaccion1-margarit\/?p=1819"},"modified":"2014-06-06T13:52:41","modified_gmt":"2014-06-06T13:52:41","slug":"material-de-observacion","status":"publish","type":"post","link":"https:\/\/redaccion1.fcpolit.unr.edu.ar\/comision-margarit\/2014\/06\/06\/material-de-observacion\/","title":{"rendered":"Material de observaci\u00f3n"},"content":{"rendered":"<p>Trabajaremos con estas noticias:<\/p>\n<p>La Naci\u00f3n: <a title=\"agradecio\" href=\"http:\/\/www.lanacion.com.ar\/1698972-raul-zaffaroni-le-agradecio-al-papa-por-la-carta-en-que-critico-las-penas-mas-duras-no-podia-haber-sido-mas-oportuno\">Ra\u00fal Zaffaroni le agradeci\u00f3 al Papa por la carta en que critic\u00f3 las penas m\u00e1s duras: &#8220;No pod\u00eda haber sido m\u00e1s oportuno&#8221;<\/a><\/p>\n<p>P\u00e1gina 12: <a title=\"respuesta\" href=\"http:\/\/www.pagina12.com.ar\/diario\/elpais\/1-247995-2014-06-06.html\">La respuesta del juez Zaffaroni al Papa<\/a><\/p>\n<p>&nbsp;<\/p>\n<p>&nbsp;<\/p>\n","protected":false},"excerpt":{"rendered":"<p>Trabajaremos con estas noticias: La Naci\u00f3n: Ra\u00fal Zaffaroni le agradeci\u00f3 al Papa por la carta en que critic\u00f3 las penas m\u00e1s duras: &#8220;No pod\u00eda haber sido m\u00e1s oportuno&#8221; P\u00e1gina 12: La respuesta del juez Zaffaroni al Papa &nbsp; &nbsp;<\/p>\n","protected":false},"author":1,"featured_media":0,"comment_status":"open","ping_status":"open","sticky":false,"template":"","format":"standard","meta":{"footnotes":""},"categories":[6],"tags":[],"_links":{"self":[{"href":"https:\/\/redaccion1.fcpolit.unr.edu.ar\/comision-margarit\/wp-json\/wp\/v2\/posts\/1819"}],"collection":[{"href":"https:\/\/redaccion1.fcpolit.unr.edu.ar\/comision-margarit\/wp-json\/wp\/v2\/posts"}],"about":[{"href":"https:\/\/redaccion1.fcpolit.unr.edu.ar\/comision-margarit\/wp-json\/wp\/v2\/types\/post"}],"author":[{"embeddable":true,"href":"https:\/\/redaccion1.fcpolit.unr.edu.ar\/comision-margarit\/wp-json\/wp\/v2\/users\/1"}],"replies":[{"embeddable":true,"href":"https:\/\/redaccion1.fcpolit.unr.edu.ar\/comision-margarit\/wp-json\/wp\/v2\/comments?post=1819"}],"version-history":[{"count":0,"href":"https:\/\/redaccion1.fcpolit.unr.edu.ar\/comision-margarit\/wp-json\/wp\/v2\/posts\/1819\/revisions"}],"wp:attachment":[{"href":"https:\/\/redaccion1.fcpolit.unr.edu.ar\/comision-margarit\/wp-json\/wp\/v2\/media?parent=1819"}],"wp:term":[{"taxonomy":"category","embeddable":true,"href":"https:\/\/redaccion1.fcpolit.unr.edu.ar\/comision-margarit\/wp-json\/wp\/v2\/categories?post=1819"},{"taxonomy":"post_tag","embeddable":true,"href":"https:\/\/redaccion1.fcpolit.unr.edu.ar\/comision-margarit\/wp-json\/wp\/v2\/tags?post=1819"}],"curies":[{"name":"wp","href":"https:\/\/api.w.org\/{rel}","templated":true}]}}