{"id":1805,"date":"2014-06-02T17:41:11","date_gmt":"2014-06-02T17:41:11","guid":{"rendered":"http:\/\/fcpolit.unr.edu.ar\/blogs\/redaccion1-margarit\/?p=1805"},"modified":"2014-06-02T17:41:11","modified_gmt":"2014-06-02T17:41:11","slug":"proxima-clase","status":"publish","type":"post","link":"https:\/\/redaccion1.fcpolit.unr.edu.ar\/comision-margarit\/2014\/06\/02\/proxima-clase\/","title":{"rendered":"Pr\u00f3xima clase"},"content":{"rendered":"<p>Mientras esperamos el resumen de la pr\u00f3xima clase, les adelanto que el viernes 6 de junio (es decir, el viernes de esta semana), la profesora Ana Mar\u00eda Margarit retomar\u00e1 las clases.<!--more--><\/p>\n<p>En esta oportunidad, trabajar\u00e1n los temas de Audiencia y Estrategias.<br \/>\nPara ello, les sugiero la lectura de los siguientes textos base con sus textos fuente correspondientes:<\/p>\n<p><a href=\"https:\/\/blogs.fcpolit.unr.edu.ar\/programa\/2003\/07\/04\/nocion-de-audiencia-t-base-7\/\">Noci\u00f3n de Audiencia<\/a><br \/>\n<a href=\"https:\/\/blogs.fcpolit.unr.edu.ar\/programa\/2007\/05\/18\/concepto-de-estrategia-t-base-8\/\">Concepto de estrategia<\/a><br \/>\n<a href=\"https:\/\/blogs.fcpolit.unr.edu.ar\/programa\/2007\/05\/18\/estrategias-de-produccion-t-base-9\/\">Estrategias de Producci\u00f3n<\/a><br \/>\n<a href=\"https:\/\/blogs.fcpolit.unr.edu.ar\/programa\/2007\/05\/18\/estrategias-interactivas-y-pragmaticas-t-base-10\/\">Estrategias Interactivas y Pragm\u00e1ticas<\/a><br \/>\n<a href=\"https:\/\/blogs.fcpolit.unr.edu.ar\/programa\/2007\/05\/18\/estrategias-de-produccion-semantica-t-base-11\/\">Estrategias de producci\u00f3n Sem\u00e1nticas<\/a><br \/>\n<a href=\"https:\/\/blogs.fcpolit.unr.edu.ar\/programa\/2007\/05\/18\/estrategias-para-establecer-la-coherencia-local-t-base-12\/\">Estrategias para establecer coherencia local<\/a>.<\/p>\n<p>Aprovecho para saludarlos hasta pr\u00f3ximo encuentro&#8230; \u00a1Y espero leerlos en los trabajos <a href=\"https:\/\/blogs.fcpolit.unr.edu.ar\/redaccion1-margarit\/2014\/05\/14\/trabajo-practico-leer-inferir-comprender-un-texto-de-rodolfo-walsh\/\">Leer, inferir, comprender un texto de Rodolfo Walsh<\/a> y <a href=\"https:\/\/blogs.fcpolit.unr.edu.ar\/redaccion1-margarit\/2014\/05\/28\/trabajo-practico-planificar-ensayar-editar-entregar\/\">Planificar, ensayar, editar, entregar<\/a>!<\/p>\n<p>Espero que hayan disfrutado de las dos clases compartidas tanto como yo.<\/p>\n","protected":false},"excerpt":{"rendered":"<p>Mientras esperamos el resumen de la pr\u00f3xima clase, les adelanto que el viernes 6 de junio (es decir, el viernes de esta semana), la profesora Ana Mar\u00eda Margarit retomar\u00e1 las clases.<\/p>\n","protected":false},"author":17,"featured_media":0,"comment_status":"open","ping_status":"open","sticky":false,"template":"","format":"standard","meta":{"footnotes":""},"categories":[2],"tags":[],"_links":{"self":[{"href":"https:\/\/redaccion1.fcpolit.unr.edu.ar\/comision-margarit\/wp-json\/wp\/v2\/posts\/1805"}],"collection":[{"href":"https:\/\/redaccion1.fcpolit.unr.edu.ar\/comision-margarit\/wp-json\/wp\/v2\/posts"}],"about":[{"href":"https:\/\/redaccion1.fcpolit.unr.edu.ar\/comision-margarit\/wp-json\/wp\/v2\/types\/post"}],"author":[{"embeddable":true,"href":"https:\/\/redaccion1.fcpolit.unr.edu.ar\/comision-margarit\/wp-json\/wp\/v2\/users\/17"}],"replies":[{"embeddable":true,"href":"https:\/\/redaccion1.fcpolit.unr.edu.ar\/comision-margarit\/wp-json\/wp\/v2\/comments?post=1805"}],"version-history":[{"count":0,"href":"https:\/\/redaccion1.fcpolit.unr.edu.ar\/comision-margarit\/wp-json\/wp\/v2\/posts\/1805\/revisions"}],"wp:attachment":[{"href":"https:\/\/redaccion1.fcpolit.unr.edu.ar\/comision-margarit\/wp-json\/wp\/v2\/media?parent=1805"}],"wp:term":[{"taxonomy":"category","embeddable":true,"href":"https:\/\/redaccion1.fcpolit.unr.edu.ar\/comision-margarit\/wp-json\/wp\/v2\/categories?post=1805"},{"taxonomy":"post_tag","embeddable":true,"href":"https:\/\/redaccion1.fcpolit.unr.edu.ar\/comision-margarit\/wp-json\/wp\/v2\/tags?post=1805"}],"curies":[{"name":"wp","href":"https:\/\/api.w.org\/{rel}","templated":true}]}}