{"id":1794,"date":"2014-05-18T14:55:12","date_gmt":"2014-05-18T14:55:12","guid":{"rendered":"http:\/\/fcpolit.unr.edu.ar\/blogs\/redaccion1-margarit\/?p=1794"},"modified":"2014-05-18T14:55:12","modified_gmt":"2014-05-18T14:55:12","slug":"lecturas-para-la-proxima-clase","status":"publish","type":"post","link":"https:\/\/redaccion1.fcpolit.unr.edu.ar\/comision-margarit\/2014\/05\/18\/lecturas-para-la-proxima-clase\/","title":{"rendered":"Lecturas para la pr\u00f3xima clase"},"content":{"rendered":"<p>La clase pr\u00f3xima (viernes 23 de mayo) continuaremos estudiando cuestiones vinculadas con el proceso de redacci\u00f3n.<br \/>\nPara ellos, les pido que lean y estudien la siguiente bibliograf\u00eda:<br \/>\n<!--more--><\/p>\n<p><a href=\"https:\/\/blogs.fcpolit.unr.edu.ar\/programa\/2003\/04\/05\/un-modelo-teorico-para-entender-el-mundo-del-escritor-t-base-4\/\">Un modelo te\u00f3rico para entender el mundo del escritor<\/a><br \/>\n<a href=\"https:\/\/blogs.fcpolit.unr.edu.ar\/programa\/2003\/04\/05\/memorias-a-largo-plazo-y-a-corto-plazo-teun-van-dijk\/\">Memorias a largo y a corto plazo<\/a><br \/>\n<a href=\"https:\/\/blogs.fcpolit.unr.edu.ar\/programa\/2003\/04\/05\/la-complejidad-de-la-memoria-mabel-marro-y-amalia-dellamea\/\">La complejidad de la memoria<\/a><br \/>\n<a href=\"https:\/\/blogs.fcpolit.unr.edu.ar\/programa\/2003\/04\/05\/importancia-de-la-etapa-de-planificacion-de-la-escritura-t-base-5\/\">Importancia de la etapa de planificaci\u00f3n en la escritura<\/a><br \/>\n<a href=\"https:\/\/blogs.fcpolit.unr.edu.ar\/programa\/2003\/05\/04\/los-borradores-testigos-de-la-recursividad-del-proceso-de-escritura-t-base-6\/\">Los borradores, testigos de la recursividad del proceso de escritura<\/a><\/p>\n<p>En clase, ensayaremos colectivamente la planificaci\u00f3n de un texto y luego, cada uno deber\u00e1 elegir un tema y planificar un texto propio. Les sugiero que vayan pensando el tema o \u00e1rea de inter\u00e9s que les interesar\u00eda indagar.<\/p>\n","protected":false},"excerpt":{"rendered":"<p>La clase pr\u00f3xima (viernes 23 de mayo) continuaremos estudiando cuestiones vinculadas con el proceso de redacci\u00f3n. Para ellos, les pido que lean y estudien la siguiente bibliograf\u00eda:<\/p>\n","protected":false},"author":17,"featured_media":0,"comment_status":"open","ping_status":"open","sticky":false,"template":"","format":"standard","meta":{"footnotes":""},"categories":[1],"tags":[],"_links":{"self":[{"href":"https:\/\/redaccion1.fcpolit.unr.edu.ar\/comision-margarit\/wp-json\/wp\/v2\/posts\/1794"}],"collection":[{"href":"https:\/\/redaccion1.fcpolit.unr.edu.ar\/comision-margarit\/wp-json\/wp\/v2\/posts"}],"about":[{"href":"https:\/\/redaccion1.fcpolit.unr.edu.ar\/comision-margarit\/wp-json\/wp\/v2\/types\/post"}],"author":[{"embeddable":true,"href":"https:\/\/redaccion1.fcpolit.unr.edu.ar\/comision-margarit\/wp-json\/wp\/v2\/users\/17"}],"replies":[{"embeddable":true,"href":"https:\/\/redaccion1.fcpolit.unr.edu.ar\/comision-margarit\/wp-json\/wp\/v2\/comments?post=1794"}],"version-history":[{"count":0,"href":"https:\/\/redaccion1.fcpolit.unr.edu.ar\/comision-margarit\/wp-json\/wp\/v2\/posts\/1794\/revisions"}],"wp:attachment":[{"href":"https:\/\/redaccion1.fcpolit.unr.edu.ar\/comision-margarit\/wp-json\/wp\/v2\/media?parent=1794"}],"wp:term":[{"taxonomy":"category","embeddable":true,"href":"https:\/\/redaccion1.fcpolit.unr.edu.ar\/comision-margarit\/wp-json\/wp\/v2\/categories?post=1794"},{"taxonomy":"post_tag","embeddable":true,"href":"https:\/\/redaccion1.fcpolit.unr.edu.ar\/comision-margarit\/wp-json\/wp\/v2\/tags?post=1794"}],"curies":[{"name":"wp","href":"https:\/\/api.w.org\/{rel}","templated":true}]}}