{"id":1777,"date":"2014-05-05T14:51:50","date_gmt":"2014-05-05T14:51:50","guid":{"rendered":"http:\/\/fcpolit.unr.edu.ar\/blogs\/redaccion1-margarit\/?p=1777"},"modified":"2014-05-05T14:51:50","modified_gmt":"2014-05-05T14:51:50","slug":"estudiar-para-el-9-de-mayo","status":"publish","type":"post","link":"https:\/\/redaccion1.fcpolit.unr.edu.ar\/comision-margarit\/2014\/05\/05\/estudiar-para-el-9-de-mayo\/","title":{"rendered":"Estudiar para el 9 de mayo"},"content":{"rendered":"<p>Deben estudiar<strong> la unidad 2<\/strong> para trabajar en la pr\u00f3xima clase del 9 de mayo.<a href=\"https:\/\/blogs.fcpolit.unr.edu.ar\/redaccion1-margarit\/files\/2014\/05\/volarconlibros.jpg\"><img loading=\"lazy\" decoding=\"async\" class=\"alignright size-full wp-image-1781\" src=\"https:\/\/blogs.fcpolit.unr.edu.ar\/redaccion1-margarit\/files\/2014\/05\/volarconlibros.jpg\" alt=\"volarconlibros\" width=\"225\" height=\"300\" \/><\/a><\/p>\n<p><strong>Los textos bases con sus correspondientes textos fuentes<\/strong> :<\/p>\n<p><a title=\"lectcog\" href=\"https:\/\/blogs.fcpolit.unr.edu.ar\/programa\/2008\/03\/08\/la-lectura-como-proceso-cognitivo-y-comunicativo\/\">La lectura como proceso cognitivo y comunicativo<\/a><\/p>\n<p><a title=\"estrag\" href=\"https:\/\/blogs.fcpolit.unr.edu.ar\/programa\/2008\/03\/10\/estrategias-y-tareas-de-la-comprension-lectora\/\">Estrategias y tareas de comprensi\u00f3n<\/a><\/p>\n<p><a title=\"estrct\" href=\"https:\/\/blogs.fcpolit.unr.edu.ar\/programa\/2008\/03\/10\/la-comprension-y-la-estructura-de-los-textos\/\">Comprensi\u00f3n y estructura de los textos<\/a><\/p>\n<p><a title=\"complem\" href=\"https:\/\/blogs.fcpolit.unr.edu.ar\/programa\/2008\/03\/10\/complementacion-entre-los-procesos-de-lectura-y-escritura\/\">Complementaci\u00f3n entre procesos de lectura y escritura<\/a><\/p>\n<p><strong>El texto complementario:<\/strong><\/p>\n<p><a title=\"facetas\" href=\"https:\/\/blogs.fcpolit.unr.edu.ar\/programa\/2008\/05\/17\/el-proceso-de-lectura-una-actividad-con-facetas-diversas-claudia-mazza\/\">El proceso de lectura, una actividad con facetas diversas<\/a><\/p>\n<p><strong>La actividad para ir realizando mientras estudian:<\/strong>\u00a0\u00a0(no es para entregar sino para fijar contenidos y poder dialogar en clase sobre todos los temas)<\/p>\n<p><a title=\"guiaest\" href=\"https:\/\/blogs.fcpolit.unr.edu.ar\/programa\/2008\/06\/01\/guia-de-estudio-de-la-unidad-2\/\">Gu\u00eda de estudio de la unidad 2<\/a><\/p>\n<p>&nbsp;<\/p>\n","protected":false},"excerpt":{"rendered":"<p>Deben estudiar la unidad 2 para trabajar en la pr\u00f3xima clase del 9 de mayo. Los textos bases con sus correspondientes textos fuentes : La lectura como proceso cognitivo y comunicativo Estrategias y tareas de comprensi\u00f3n Comprensi\u00f3n y estructura de los textos Complementaci\u00f3n entre procesos de lectura y escritura El texto complementario: El proceso de [&hellip;]<\/p>\n","protected":false},"author":1,"featured_media":0,"comment_status":"open","ping_status":"open","sticky":false,"template":"","format":"standard","meta":{"footnotes":""},"categories":[2,1],"tags":[],"_links":{"self":[{"href":"https:\/\/redaccion1.fcpolit.unr.edu.ar\/comision-margarit\/wp-json\/wp\/v2\/posts\/1777"}],"collection":[{"href":"https:\/\/redaccion1.fcpolit.unr.edu.ar\/comision-margarit\/wp-json\/wp\/v2\/posts"}],"about":[{"href":"https:\/\/redaccion1.fcpolit.unr.edu.ar\/comision-margarit\/wp-json\/wp\/v2\/types\/post"}],"author":[{"embeddable":true,"href":"https:\/\/redaccion1.fcpolit.unr.edu.ar\/comision-margarit\/wp-json\/wp\/v2\/users\/1"}],"replies":[{"embeddable":true,"href":"https:\/\/redaccion1.fcpolit.unr.edu.ar\/comision-margarit\/wp-json\/wp\/v2\/comments?post=1777"}],"version-history":[{"count":0,"href":"https:\/\/redaccion1.fcpolit.unr.edu.ar\/comision-margarit\/wp-json\/wp\/v2\/posts\/1777\/revisions"}],"wp:attachment":[{"href":"https:\/\/redaccion1.fcpolit.unr.edu.ar\/comision-margarit\/wp-json\/wp\/v2\/media?parent=1777"}],"wp:term":[{"taxonomy":"category","embeddable":true,"href":"https:\/\/redaccion1.fcpolit.unr.edu.ar\/comision-margarit\/wp-json\/wp\/v2\/categories?post=1777"},{"taxonomy":"post_tag","embeddable":true,"href":"https:\/\/redaccion1.fcpolit.unr.edu.ar\/comision-margarit\/wp-json\/wp\/v2\/tags?post=1777"}],"curies":[{"name":"wp","href":"https:\/\/api.w.org\/{rel}","templated":true}]}}