{"id":1775,"date":"2014-05-05T14:25:06","date_gmt":"2014-05-05T14:25:06","guid":{"rendered":"http:\/\/fcpolit.unr.edu.ar\/blogs\/redaccion1-margarit\/?p=1775"},"modified":"2014-05-05T14:25:06","modified_gmt":"2014-05-05T14:25:06","slug":"novedades-para-la-clase-del-9-de-mayo","status":"publish","type":"post","link":"https:\/\/redaccion1.fcpolit.unr.edu.ar\/comision-margarit\/2014\/05\/05\/novedades-para-la-clase-del-9-de-mayo\/","title":{"rendered":"Novedades para la clase del 9 de mayo"},"content":{"rendered":"<p><a href=\"https:\/\/blogs.fcpolit.unr.edu.ar\/redaccion1-margarit\/files\/2014\/05\/haerconlecturas.jpg\"><img loading=\"lazy\" decoding=\"async\" class=\"alignright size-full wp-image-1783\" src=\"https:\/\/blogs.fcpolit.unr.edu.ar\/redaccion1-margarit\/files\/2014\/05\/haerconlecturas.jpg\" alt=\"haerconlecturas\" width=\"279\" height=\"181\" \/><\/a>La pr\u00f3xima clase presencial que tendr\u00e1 lugar el 9 de mayo estar\u00e1 a cargo de la profesora Cecilia Reviglio, a quien acompa\u00f1ar\u00e1 el auxiliar alumno Ramiro Palma Nigro. El reemplazo es con motivo de mi ausencia con aviso hasta la clase del viernes 6 de junio. Por favor, los trabajos que hicimos hasta el momento y deben rehacer o a\u00fan no entregaron, d\u00e9jenlos pendientes. S\u00f3lo entreguen a la profesora Reviglio los trabajos que ella proponga.<\/p>\n","protected":false},"excerpt":{"rendered":"<p>La pr\u00f3xima clase presencial que tendr\u00e1 lugar el 9 de mayo estar\u00e1 a cargo de la profesora Cecilia Reviglio, a quien acompa\u00f1ar\u00e1 el auxiliar alumno Ramiro Palma Nigro. El reemplazo es con motivo de mi ausencia con aviso hasta la clase del viernes 6 de junio. Por favor, los trabajos que hicimos hasta el momento [&hellip;]<\/p>\n","protected":false},"author":1,"featured_media":0,"comment_status":"open","ping_status":"open","sticky":false,"template":"","format":"standard","meta":{"footnotes":""},"categories":[2],"tags":[],"_links":{"self":[{"href":"https:\/\/redaccion1.fcpolit.unr.edu.ar\/comision-margarit\/wp-json\/wp\/v2\/posts\/1775"}],"collection":[{"href":"https:\/\/redaccion1.fcpolit.unr.edu.ar\/comision-margarit\/wp-json\/wp\/v2\/posts"}],"about":[{"href":"https:\/\/redaccion1.fcpolit.unr.edu.ar\/comision-margarit\/wp-json\/wp\/v2\/types\/post"}],"author":[{"embeddable":true,"href":"https:\/\/redaccion1.fcpolit.unr.edu.ar\/comision-margarit\/wp-json\/wp\/v2\/users\/1"}],"replies":[{"embeddable":true,"href":"https:\/\/redaccion1.fcpolit.unr.edu.ar\/comision-margarit\/wp-json\/wp\/v2\/comments?post=1775"}],"version-history":[{"count":0,"href":"https:\/\/redaccion1.fcpolit.unr.edu.ar\/comision-margarit\/wp-json\/wp\/v2\/posts\/1775\/revisions"}],"wp:attachment":[{"href":"https:\/\/redaccion1.fcpolit.unr.edu.ar\/comision-margarit\/wp-json\/wp\/v2\/media?parent=1775"}],"wp:term":[{"taxonomy":"category","embeddable":true,"href":"https:\/\/redaccion1.fcpolit.unr.edu.ar\/comision-margarit\/wp-json\/wp\/v2\/categories?post=1775"},{"taxonomy":"post_tag","embeddable":true,"href":"https:\/\/redaccion1.fcpolit.unr.edu.ar\/comision-margarit\/wp-json\/wp\/v2\/tags?post=1775"}],"curies":[{"name":"wp","href":"https:\/\/api.w.org\/{rel}","templated":true}]}}