{"id":1742,"date":"2014-04-05T23:43:22","date_gmt":"2014-04-05T23:43:22","guid":{"rendered":"http:\/\/fcpolit.unr.edu.ar\/blogs\/redaccion1-margarit\/?p=1742"},"modified":"2014-04-05T23:43:22","modified_gmt":"2014-04-05T23:43:22","slug":"comentar-un-articulo-de-opinion","status":"publish","type":"post","link":"https:\/\/redaccion1.fcpolit.unr.edu.ar\/comision-margarit\/2014\/04\/05\/comentar-un-articulo-de-opinion\/","title":{"rendered":"Comentar un art\u00edculo de opini\u00f3n"},"content":{"rendered":"<p>Leer el texto <a title=\"conmigo\" href=\"http:\/\/enredaccion.bligoo.com\/tag\/dichoyhecho\">No cuenten conmigo<\/a>\u00a0de Javier N\u00fa\u00f1ez\u00a0publicado en la secci\u00f3n Dicho y Hecho de <a title=\"enred\" href=\"http:\/\/enredaccion.bligoo.com\/\">En Redacci\u00f3n<\/a>.<\/p>\n<p>Comentar el texto en general o algunas ideas en particular. Deben escribir un texto coherente, de dos p\u00e1rrafos de extensi\u00f3n y publicarlo en Comentarios de esa entrada.<\/p>\n<p><!--more-->Quienes a\u00fan no se registraron en En Redacci\u00f3n, deben hacerlo para poder realizar este trabajo.<\/p>\n<p>Llevar el comentario impreso a la clase del 11 de abril.<\/p>\n","protected":false},"excerpt":{"rendered":"<p>Leer el texto No cuenten conmigo\u00a0de Javier N\u00fa\u00f1ez\u00a0publicado en la secci\u00f3n Dicho y Hecho de En Redacci\u00f3n. Comentar el texto en general o algunas ideas en particular. Deben escribir un texto coherente, de dos p\u00e1rrafos de extensi\u00f3n y publicarlo en Comentarios de esa entrada.<\/p>\n","protected":false},"author":1,"featured_media":0,"comment_status":"open","ping_status":"open","sticky":false,"template":"","format":"standard","meta":{"footnotes":""},"categories":[3],"tags":[],"_links":{"self":[{"href":"https:\/\/redaccion1.fcpolit.unr.edu.ar\/comision-margarit\/wp-json\/wp\/v2\/posts\/1742"}],"collection":[{"href":"https:\/\/redaccion1.fcpolit.unr.edu.ar\/comision-margarit\/wp-json\/wp\/v2\/posts"}],"about":[{"href":"https:\/\/redaccion1.fcpolit.unr.edu.ar\/comision-margarit\/wp-json\/wp\/v2\/types\/post"}],"author":[{"embeddable":true,"href":"https:\/\/redaccion1.fcpolit.unr.edu.ar\/comision-margarit\/wp-json\/wp\/v2\/users\/1"}],"replies":[{"embeddable":true,"href":"https:\/\/redaccion1.fcpolit.unr.edu.ar\/comision-margarit\/wp-json\/wp\/v2\/comments?post=1742"}],"version-history":[{"count":0,"href":"https:\/\/redaccion1.fcpolit.unr.edu.ar\/comision-margarit\/wp-json\/wp\/v2\/posts\/1742\/revisions"}],"wp:attachment":[{"href":"https:\/\/redaccion1.fcpolit.unr.edu.ar\/comision-margarit\/wp-json\/wp\/v2\/media?parent=1742"}],"wp:term":[{"taxonomy":"category","embeddable":true,"href":"https:\/\/redaccion1.fcpolit.unr.edu.ar\/comision-margarit\/wp-json\/wp\/v2\/categories?post=1742"},{"taxonomy":"post_tag","embeddable":true,"href":"https:\/\/redaccion1.fcpolit.unr.edu.ar\/comision-margarit\/wp-json\/wp\/v2\/tags?post=1742"}],"curies":[{"name":"wp","href":"https:\/\/api.w.org\/{rel}","templated":true}]}}