{"id":1740,"date":"2014-04-05T23:35:49","date_gmt":"2014-04-05T23:35:49","guid":{"rendered":"http:\/\/fcpolit.unr.edu.ar\/blogs\/redaccion1-margarit\/?p=1740"},"modified":"2014-04-05T23:35:49","modified_gmt":"2014-04-05T23:35:49","slug":"revolver","status":"publish","type":"post","link":"https:\/\/redaccion1.fcpolit.unr.edu.ar\/comision-margarit\/2014\/04\/05\/revolver\/","title":{"rendered":"Revolver"},"content":{"rendered":"<p>Escribir un texto destinado a los participantes de la comisi\u00f3n y a la comunidad de Redacci\u00f3n 1, a modo de presentaci\u00f3n como estudiante de Comunicaci\u00f3n Social con algunas experiencias y nuevas expectativas, situados en que se encuentran hoy renovando y confirmando su elecci\u00f3n de la carrera.<\/p>\n<p><!--more-->Contar, explicar, autoevaluar, el recorrido hecho hasta aqu\u00ed en la carrera en general y, con m\u00e1s detalles, lo hecho en Redacci\u00f3n 1, sus vivencias de aprendizaje y su conocimiento y apropiaci\u00f3n de los recursos digitales que usamos: los blogs de la c\u00e1tedra <a title=\"redac\" href=\"https:\/\/blogs.fcpolit.unr.edu.ar\/redaccion1\/\">Redacci\u00f3n 1<\/a> y la red <a title=\"enred\" href=\"http:\/\/enredaccion.bligoo.com\/\">En Redacci\u00f3n<\/a>.<\/p>\n<p>Extensi\u00f3n m\u00ednima: tres p\u00e1rrafos. Extensi\u00f3n m\u00e1xima: 5 p\u00e1rrafos<\/p>\n<p>Pegar el texto en Comentarios, debajo de esta entrada y tambi\u00e9n\u00a0llevarlo impreso a la clase del viernes 11 de abril.<\/p>\n<p>&#8212;&#8212;&#8212;&#8212;&#8212;&#8212;&#8212;&#8212;&#8212;&#8212;&#8212;&#8212;&#8212;&#8212;&#8212;&#8212;&#8212;&#8212;&#8212;&#8212;&#8212;&#8212;&#8212;-<\/p>\n<p>El t\u00edtulo de este trabajo surgi\u00f3 por consenso en la primera clase presencial del 4 de abril.<\/p>\n<p>&nbsp;<\/p>\n","protected":false},"excerpt":{"rendered":"<p>Escribir un texto destinado a los participantes de la comisi\u00f3n y a la comunidad de Redacci\u00f3n 1, a modo de presentaci\u00f3n como estudiante de Comunicaci\u00f3n Social con algunas experiencias y nuevas expectativas, situados en que se encuentran hoy renovando y confirmando su elecci\u00f3n de la carrera.<\/p>\n","protected":false},"author":1,"featured_media":0,"comment_status":"open","ping_status":"open","sticky":false,"template":"","format":"standard","meta":{"footnotes":""},"categories":[3],"tags":[],"_links":{"self":[{"href":"https:\/\/redaccion1.fcpolit.unr.edu.ar\/comision-margarit\/wp-json\/wp\/v2\/posts\/1740"}],"collection":[{"href":"https:\/\/redaccion1.fcpolit.unr.edu.ar\/comision-margarit\/wp-json\/wp\/v2\/posts"}],"about":[{"href":"https:\/\/redaccion1.fcpolit.unr.edu.ar\/comision-margarit\/wp-json\/wp\/v2\/types\/post"}],"author":[{"embeddable":true,"href":"https:\/\/redaccion1.fcpolit.unr.edu.ar\/comision-margarit\/wp-json\/wp\/v2\/users\/1"}],"replies":[{"embeddable":true,"href":"https:\/\/redaccion1.fcpolit.unr.edu.ar\/comision-margarit\/wp-json\/wp\/v2\/comments?post=1740"}],"version-history":[{"count":0,"href":"https:\/\/redaccion1.fcpolit.unr.edu.ar\/comision-margarit\/wp-json\/wp\/v2\/posts\/1740\/revisions"}],"wp:attachment":[{"href":"https:\/\/redaccion1.fcpolit.unr.edu.ar\/comision-margarit\/wp-json\/wp\/v2\/media?parent=1740"}],"wp:term":[{"taxonomy":"category","embeddable":true,"href":"https:\/\/redaccion1.fcpolit.unr.edu.ar\/comision-margarit\/wp-json\/wp\/v2\/categories?post=1740"},{"taxonomy":"post_tag","embeddable":true,"href":"https:\/\/redaccion1.fcpolit.unr.edu.ar\/comision-margarit\/wp-json\/wp\/v2\/tags?post=1740"}],"curies":[{"name":"wp","href":"https:\/\/api.w.org\/{rel}","templated":true}]}}