{"id":1723,"date":"2014-03-14T18:45:37","date_gmt":"2014-03-14T18:45:37","guid":{"rendered":"http:\/\/fcpolit.unr.edu.ar\/blogs\/redaccion1-margarit\/?p=1723"},"modified":"2014-03-14T18:45:37","modified_gmt":"2014-03-14T18:45:37","slug":"2014-calendario-academico-2014","status":"publish","type":"post","link":"https:\/\/redaccion1.fcpolit.unr.edu.ar\/comision-margarit\/2014\/03\/14\/2014-calendario-academico-2014\/","title":{"rendered":"2014 calendario acad\u00e9mico 2014"},"content":{"rendered":"<p>Cada a\u00f1o, las actividades propias de la facultad se organizan en el <a title=\"2014\" href=\"https:\/\/blogs.fcpolit.unr.edu.ar\/calendario-academico-2014\/\">calendario acad\u00e9mico<\/a>. Esta agenda institucional intervendr\u00e1 decisivamente en nuestra agenda personal, as\u00ed que mejor tenerla presente y a mano siempre. Buen a\u00f1o acad\u00e9mico!<\/p>\n","protected":false},"excerpt":{"rendered":"<p>Cada a\u00f1o, las actividades propias de la facultad se organizan en el calendario acad\u00e9mico. Esta agenda institucional intervendr\u00e1 decisivamente en nuestra agenda personal, as\u00ed que mejor tenerla presente y a mano siempre. Buen a\u00f1o acad\u00e9mico!<\/p>\n","protected":false},"author":1,"featured_media":0,"comment_status":"open","ping_status":"open","sticky":false,"template":"","format":"standard","meta":{"footnotes":""},"categories":[2],"tags":[],"_links":{"self":[{"href":"https:\/\/redaccion1.fcpolit.unr.edu.ar\/comision-margarit\/wp-json\/wp\/v2\/posts\/1723"}],"collection":[{"href":"https:\/\/redaccion1.fcpolit.unr.edu.ar\/comision-margarit\/wp-json\/wp\/v2\/posts"}],"about":[{"href":"https:\/\/redaccion1.fcpolit.unr.edu.ar\/comision-margarit\/wp-json\/wp\/v2\/types\/post"}],"author":[{"embeddable":true,"href":"https:\/\/redaccion1.fcpolit.unr.edu.ar\/comision-margarit\/wp-json\/wp\/v2\/users\/1"}],"replies":[{"embeddable":true,"href":"https:\/\/redaccion1.fcpolit.unr.edu.ar\/comision-margarit\/wp-json\/wp\/v2\/comments?post=1723"}],"version-history":[{"count":0,"href":"https:\/\/redaccion1.fcpolit.unr.edu.ar\/comision-margarit\/wp-json\/wp\/v2\/posts\/1723\/revisions"}],"wp:attachment":[{"href":"https:\/\/redaccion1.fcpolit.unr.edu.ar\/comision-margarit\/wp-json\/wp\/v2\/media?parent=1723"}],"wp:term":[{"taxonomy":"category","embeddable":true,"href":"https:\/\/redaccion1.fcpolit.unr.edu.ar\/comision-margarit\/wp-json\/wp\/v2\/categories?post=1723"},{"taxonomy":"post_tag","embeddable":true,"href":"https:\/\/redaccion1.fcpolit.unr.edu.ar\/comision-margarit\/wp-json\/wp\/v2\/tags?post=1723"}],"curies":[{"name":"wp","href":"https:\/\/api.w.org\/{rel}","templated":true}]}}