{"id":1607,"date":"2013-10-14T14:01:36","date_gmt":"2013-10-14T14:01:36","guid":{"rendered":"http:\/\/fcpolit.unr.edu.ar\/blogs\/redaccion1-margarit\/?p=1607"},"modified":"2013-10-14T14:01:36","modified_gmt":"2013-10-14T14:01:36","slug":"lecturas-para-el-martes-15-de-octubre","status":"publish","type":"post","link":"https:\/\/redaccion1.fcpolit.unr.edu.ar\/comision-margarit\/2013\/10\/14\/lecturas-para-el-martes-15-de-octubre\/","title":{"rendered":"Lecturas para el martes 15 de octubre"},"content":{"rendered":"<p>Seguimos con narrativa. Estudiar:<\/p>\n<p><a title=\"superestructuras narrativas\" href=\"https:\/\/blogs.fcpolit.unr.edu.ar\/programa\/2008\/04\/12\/superestructuras-narrativas\/\">Superestructuras narrativas<\/a><\/p>\n<p><a title=\"entrecruz\" href=\"https:\/\/blogs.fcpolit.unr.edu.ar\/programa\/2008\/04\/12\/entrecruzamiento-de-la-narracion-con-otros-modos-de-construccion-textual\/\">La narraci\u00f3n incrustada en otros textos<\/a><\/p>\n<p><a title=\"leng ciudad\" href=\"https:\/\/blogs.fcpolit.unr.edu.ar\/redaccion1-margarit\/2011\/08\/28\/el-lenguaje-de-la-ciudad\/\">El lenguaje de la ciudad<\/a><\/p>\n<p><a title=\"signos ciudad\" href=\"https:\/\/blogs.fcpolit.unr.edu.ar\/redaccion1-margarit\/2011\/08\/28\/la-ciudad-y-sus-signos-fragmento\/\">La ciudad y sus signos<\/a><\/p>\n<p>Llevar a clase para compartir una lectura breve que hayas identificado como una narraci\u00f3n o relato. Si est\u00e1 orientada hacia la tem\u00e1tica de la ciudad, mejor. En ese texto que aportes, reconoceremos las categor\u00edas de la narraci\u00f3n seg\u00fan van Dijk.<\/p>\n<p>&nbsp;<\/p>\n","protected":false},"excerpt":{"rendered":"<p>Seguimos con narrativa. Estudiar: Superestructuras narrativas La narraci\u00f3n incrustada en otros textos El lenguaje de la ciudad La ciudad y sus signos Llevar a clase para compartir una lectura breve que hayas identificado como una narraci\u00f3n o relato. Si est\u00e1 orientada hacia la tem\u00e1tica de la ciudad, mejor. En ese texto que aportes, reconoceremos las [&hellip;]<\/p>\n","protected":false},"author":1,"featured_media":0,"comment_status":"open","ping_status":"open","sticky":false,"template":"","format":"standard","meta":{"footnotes":""},"categories":[2],"tags":[],"_links":{"self":[{"href":"https:\/\/redaccion1.fcpolit.unr.edu.ar\/comision-margarit\/wp-json\/wp\/v2\/posts\/1607"}],"collection":[{"href":"https:\/\/redaccion1.fcpolit.unr.edu.ar\/comision-margarit\/wp-json\/wp\/v2\/posts"}],"about":[{"href":"https:\/\/redaccion1.fcpolit.unr.edu.ar\/comision-margarit\/wp-json\/wp\/v2\/types\/post"}],"author":[{"embeddable":true,"href":"https:\/\/redaccion1.fcpolit.unr.edu.ar\/comision-margarit\/wp-json\/wp\/v2\/users\/1"}],"replies":[{"embeddable":true,"href":"https:\/\/redaccion1.fcpolit.unr.edu.ar\/comision-margarit\/wp-json\/wp\/v2\/comments?post=1607"}],"version-history":[{"count":0,"href":"https:\/\/redaccion1.fcpolit.unr.edu.ar\/comision-margarit\/wp-json\/wp\/v2\/posts\/1607\/revisions"}],"wp:attachment":[{"href":"https:\/\/redaccion1.fcpolit.unr.edu.ar\/comision-margarit\/wp-json\/wp\/v2\/media?parent=1607"}],"wp:term":[{"taxonomy":"category","embeddable":true,"href":"https:\/\/redaccion1.fcpolit.unr.edu.ar\/comision-margarit\/wp-json\/wp\/v2\/categories?post=1607"},{"taxonomy":"post_tag","embeddable":true,"href":"https:\/\/redaccion1.fcpolit.unr.edu.ar\/comision-margarit\/wp-json\/wp\/v2\/tags?post=1607"}],"curies":[{"name":"wp","href":"https:\/\/api.w.org\/{rel}","templated":true}]}}