{"id":1595,"date":"2013-10-08T15:52:28","date_gmt":"2013-10-08T15:52:28","guid":{"rendered":"http:\/\/fcpolit.unr.edu.ar\/blogs\/redaccion1-margarit\/?p=1595"},"modified":"2013-10-08T15:52:28","modified_gmt":"2013-10-08T15:52:28","slug":"cinco-sentidos-del-periodista","status":"publish","type":"post","link":"https:\/\/redaccion1.fcpolit.unr.edu.ar\/comision-margarit\/2013\/10\/08\/cinco-sentidos-del-periodista\/","title":{"rendered":"Cinco sentidos del periodista"},"content":{"rendered":"<p>por <strong>Marcela Rosales<\/strong><\/p>\n<p><a href=\"https:\/\/blogs.fcpolit.unr.edu.ar\/redaccion1-margarit\/files\/2013\/10\/graffitti.jpg\"><img loading=\"lazy\" decoding=\"async\" class=\"alignleft size-full wp-image-1599\" alt=\"graffitti\" src=\"https:\/\/blogs.fcpolit.unr.edu.ar\/redaccion1-margarit\/files\/2013\/10\/graffitti.jpg\" width=\"260\" height=\"194\" \/><\/a>El objetivo de este trabajo es que se hagan observadores de las escenas de la cotidianeidad, y encuentren maneras atractivas y singulares de hacerlas visibles a trav\u00e9s de las palabras.<\/p>\n<p>Para eso, les proponemos que se tomen un buen rato del d\u00eda para detenerse a observar, con los cinco sentidos del periodista que propone <a title=\"kapusc\" href=\"http:\/\/www.clasesdeperiodismo.com\/2013\/03\/04\/10-reflexiones-de-ryszard-kapuscinski-sobre-el-periodismo\/\">Kapuscinski<\/a>:<\/p>\n<p><!--more--><\/p>\n<p>1. Estar\u2026<br \/>\nElijan un lugar de la ciudad (puede ser la ciudad que quieran), vayan hasta all\u00ed y decidan en qu\u00e9 punto de ese lugar deterse a observar lo que sucede. Recuerden que el lugar desde donde se paren, la perspectiva, hace que todo lo que miren sea \u00fanico. Vayan sin apuros, dispuestos, desinhibidos, desafiantes\u2026 pero no alteren lo que sucede \u201cnaturalmente\u201d.<\/p>\n<p>2. Ver<br \/>\nMiren lo que hay, lo que falta, lo que pasa, lo que queda, lo nuevo, lo asombroso, lo que parece insignificante. Cuenten c\u00f3mo es: qu\u00e9 forma, qu\u00e9 colores, qu\u00e9 texturas, qu\u00e9 movimiento, qu\u00e9 ritmos se perciben. Detecten las estructuras, la gente, los objetos, etc.<\/p>\n<p>3. Oir<br \/>\nSientan, escuchen lo que sucede. Qu\u00e9 sonidos, qu\u00e9 voces se destacan, cu\u00e1les se hacen percibir con esfuerzos, \u00bfhay silencio? Qu\u00e9 dicen quienes hablan cerca\u2026 (gente que pasa hablando por tel\u00e9fono, que est\u00e1 cerca, que murmura sola\u2026)<\/p>\n<p>No lo dice Kapuscinski, pero lo agregamos nosotros: adem\u00e1s, qu\u00e9 huelen, qu\u00e9 sabores se pueden intuir, qu\u00e9 sensaciones t\u00e1ctiles se despiertan\u2026<\/p>\n<p>Habiendo observado, tomado nota, disfrutado\u2026 dispong\u00e1nse a escribir: vayan al lugar donde se sientan c\u00f3modos para hacerlo. Y contin\u00faen aplicando los sentidos del buen periodista.<\/p>\n<p>4. Compartir<br \/>\nLleg\u00f3 el momento de contar lo que percibieron, de describir lo observado de un modo creativo, original que interpele directamente a una audiencia que decidan.<\/p>\n<p>5. Pensar<br \/>\nAn\u00edmens\u00e9 a hacerse preguntas sobre lo observado, a reflexionar, a poner sobre el tapete lo que les llame la atenci\u00f3n o, aunque parezca parad\u00f3jico, lo que no parece cautivar a nadie, pero es digno de ser observado, destacado\u2026<\/p>\n<p>Finalmente, editen su texto descriptivo.<\/p>\n<p>Entregar por mail hasta 12 de octubre.<\/p>\n","protected":false},"excerpt":{"rendered":"<p>por Marcela Rosales El objetivo de este trabajo es que se hagan observadores de las escenas de la cotidianeidad, y encuentren maneras atractivas y singulares de hacerlas visibles a trav\u00e9s de las palabras. Para eso, les proponemos que se tomen un buen rato del d\u00eda para detenerse a observar, con los cinco sentidos del periodista [&hellip;]<\/p>\n","protected":false},"author":1,"featured_media":0,"comment_status":"open","ping_status":"open","sticky":false,"template":"","format":"standard","meta":{"footnotes":""},"categories":[3],"tags":[],"_links":{"self":[{"href":"https:\/\/redaccion1.fcpolit.unr.edu.ar\/comision-margarit\/wp-json\/wp\/v2\/posts\/1595"}],"collection":[{"href":"https:\/\/redaccion1.fcpolit.unr.edu.ar\/comision-margarit\/wp-json\/wp\/v2\/posts"}],"about":[{"href":"https:\/\/redaccion1.fcpolit.unr.edu.ar\/comision-margarit\/wp-json\/wp\/v2\/types\/post"}],"author":[{"embeddable":true,"href":"https:\/\/redaccion1.fcpolit.unr.edu.ar\/comision-margarit\/wp-json\/wp\/v2\/users\/1"}],"replies":[{"embeddable":true,"href":"https:\/\/redaccion1.fcpolit.unr.edu.ar\/comision-margarit\/wp-json\/wp\/v2\/comments?post=1595"}],"version-history":[{"count":0,"href":"https:\/\/redaccion1.fcpolit.unr.edu.ar\/comision-margarit\/wp-json\/wp\/v2\/posts\/1595\/revisions"}],"wp:attachment":[{"href":"https:\/\/redaccion1.fcpolit.unr.edu.ar\/comision-margarit\/wp-json\/wp\/v2\/media?parent=1595"}],"wp:term":[{"taxonomy":"category","embeddable":true,"href":"https:\/\/redaccion1.fcpolit.unr.edu.ar\/comision-margarit\/wp-json\/wp\/v2\/categories?post=1595"},{"taxonomy":"post_tag","embeddable":true,"href":"https:\/\/redaccion1.fcpolit.unr.edu.ar\/comision-margarit\/wp-json\/wp\/v2\/tags?post=1595"}],"curies":[{"name":"wp","href":"https:\/\/api.w.org\/{rel}","templated":true}]}}