{"id":1516,"date":"2013-09-08T01:19:03","date_gmt":"2013-09-08T01:19:03","guid":{"rendered":"http:\/\/fcpolit.unr.edu.ar\/blogs\/redaccion1-margarit\/?p=1516"},"modified":"2013-09-08T01:19:03","modified_gmt":"2013-09-08T01:19:03","slug":"resumen-de-la-clase-del-3-de-setiembre-2","status":"publish","type":"post","link":"https:\/\/redaccion1.fcpolit.unr.edu.ar\/comision-margarit\/2013\/09\/08\/resumen-de-la-clase-del-3-de-setiembre-2\/","title":{"rendered":"Resumen de la clase del 3 de setiembre"},"content":{"rendered":"<p>por <em>Tania Pascua<\/em> y <em>Silvia Brau<\/em><\/p>\n<p><a href=\"https:\/\/blogs.fcpolit.unr.edu.ar\/redaccion1-margarit\/files\/2013\/09\/la-entrevista.jpg\"><img loading=\"lazy\" decoding=\"async\" class=\"alignright size-thumbnail wp-image-1519\" alt=\"la entrevista\" src=\"https:\/\/blogs.fcpolit.unr.edu.ar\/redaccion1-margarit\/files\/2013\/09\/la-entrevista-150x150.jpg\" width=\"150\" height=\"150\" \/><\/a>Ana comenz\u00f3 aclarando que la clase del\u00a0 martes 10 de setiembre no se suspende ya que el <a title=\"copuci\" href=\"http:\/\/copuci.wordpress.com\/\">3er Congreso Internacional de Comunicaci\u00f3n P\u00fablica de la Ciencia<\/a> comienza el 11 y se extender\u00e1 hasta el 13 de setiembre inclusive \u00a0y lo incluy\u00f3 como posible <a title=\"salida2\" href=\"https:\/\/blogs.fcpolit.unr.edu.ar\/redaccion1-margarit\/2013\/08\/27\/salida-al-campo-2-2\/\">Salida al campo 2<\/a>. Destac\u00f3 que es importante para nuestra universidad asumir una pol\u00edtica de divulgaci\u00f3n y comunicaci\u00f3n de la ciencia.<\/p>\n<p><!--more-->Una vez resueltas las dudas respecto a la Salida al campo y entregados los trabajos pendientes, arrancamos con el tema de la entrevista como herramienta de recolecci\u00f3n de datos.<\/p>\n<p>Los puntos m\u00e1s salientes son los siguientes:<\/p>\n<p>La entrevista es una conversaci\u00f3n, se establecen v\u00ednculos y los roles de los protagonistas no son intercambiables.\u00a0 Existen varios tipos de entrevista: informativa, period\u00edstica, las que se hacen en forma privada con el m\u00e9dico, psic\u00f3logo, psicoanalista, de trabajo y con el sacerdote en la confesi\u00f3n. Hay muchas situaciones diarias en las que podemos reconocer este tipo de intercambio que es la entrevista.<\/p>\n<p>En la entrevista de tipo informativa, el sujeto que pregunta ejerce una relaci\u00f3n de poder hacia el que responde porque establece el tema. El entrevistado puede contestar o no; algunos entrevistados prefieren contestar solo en forma escrita y esa modalidad con el auge de internet es viable. Muchos aceptan porque el periodista representa a un medio con prestigio y asegura una audiencia; otros que pueden ser o no figuras p\u00fablicas, necesitan mostrarse, opinar, convencer.<\/p>\n<p>La entrevista es una conversaci\u00f3n p\u00fablica que tiene riesgos para ambas partes. Y ambas partes est\u00e1n dispuestas a asumir ese riesgo, aunque animados por distintos motivos.<\/p>\n<p>Al disponernos a escribir la entrevista, nos encontramos con el problema del pasaje del lenguaje oral al escrito; hay que decidir qu\u00e9 parte de la informaci\u00f3n se destaca y qu\u00e9 parte se elimina. No se escribe como se habla, hay que acomodar y mejorar el discurso para que sea claro y debemos ser cuidadosos\u00a0 porque manipulamos los dichos de otro y sin querer podemos tergiversar. De modo que estas experiencias de hacer entrevistas nos sirven para tener conciencia del alto grado de responsabilidad que significa trabajar con lenguajes y discursos.<\/p>\n<p>Antes de realizar una entrevista es imprescindible saber del personaje, investigar su vida, entrevistas anteriores que dio, proyectos, tener una &#8220;s\u00f3lida retaguardia&#8221;, como dice Halper\u00edn.<\/p>\n<p>Durante la entrevista estar atento a todos los detalles, ser abiertos y flexibles para que el entrevistado se entregue a la conversaci\u00f3n. Si la respuesta es controversial, debemos profundizar.<\/p>\n<p>La profe nos recomend\u00f3 leer especialmente los textos\u00a0 de <a title=\"halperin\" href=\"https:\/\/blogs.fcpolit.unr.edu.ar\/programa\/2008\/03\/29\/la-entrevista-periodistica-jorge-halperin\/\">Jorge Halper\u00edn<\/a> y <a title=\"arfuch\" href=\"https:\/\/blogs.fcpolit.unr.edu.ar\/programa\/2008\/03\/29\/la-entrevista-una-invencion-dialogica-leonor-arfuch\/\">Leonor Arfuch<\/a>.<\/p>\n<p>La adscripta Georgina Paladino present\u00f3 su proyecto relacionado con procesos de escritura. Empezamos el trabajo pr\u00e1ctico <a title=\"entrev\" href=\"https:\/\/blogs.fcpolit.unr.edu.ar\/redaccion1-margarit\/2013\/09\/03\/trabajo-con-entrevista\/\">Una incierta entrevista<\/a>; la primera tarea\u00a0consisti\u00f3 en encontrar errores en una noticia que estaba tramada en estilos directo e indirecto; esta tarea la comenzamos a hacer en clase. \u00a0Y la segunda tarea, \u00a0es realizar una entrevista imaginaria eligiendo \u00a0alg\u00fan autor que figura en la nota u otro. Entregar hasta el domingo 8\u00a0 a su mail.<\/p>\n","protected":false},"excerpt":{"rendered":"<p>por Tania Pascua y Silvia Brau Ana comenz\u00f3 aclarando que la clase del\u00a0 martes 10 de setiembre no se suspende ya que el 3er Congreso Internacional de Comunicaci\u00f3n P\u00fablica de la Ciencia comienza el 11 y se extender\u00e1 hasta el 13 de setiembre inclusive \u00a0y lo incluy\u00f3 como posible Salida al campo 2. Destac\u00f3 que [&hellip;]<\/p>\n","protected":false},"author":1,"featured_media":0,"comment_status":"closed","ping_status":"closed","sticky":false,"template":"","format":"standard","meta":{"footnotes":""},"categories":[2],"tags":[],"_links":{"self":[{"href":"https:\/\/redaccion1.fcpolit.unr.edu.ar\/comision-margarit\/wp-json\/wp\/v2\/posts\/1516"}],"collection":[{"href":"https:\/\/redaccion1.fcpolit.unr.edu.ar\/comision-margarit\/wp-json\/wp\/v2\/posts"}],"about":[{"href":"https:\/\/redaccion1.fcpolit.unr.edu.ar\/comision-margarit\/wp-json\/wp\/v2\/types\/post"}],"author":[{"embeddable":true,"href":"https:\/\/redaccion1.fcpolit.unr.edu.ar\/comision-margarit\/wp-json\/wp\/v2\/users\/1"}],"replies":[{"embeddable":true,"href":"https:\/\/redaccion1.fcpolit.unr.edu.ar\/comision-margarit\/wp-json\/wp\/v2\/comments?post=1516"}],"version-history":[{"count":0,"href":"https:\/\/redaccion1.fcpolit.unr.edu.ar\/comision-margarit\/wp-json\/wp\/v2\/posts\/1516\/revisions"}],"wp:attachment":[{"href":"https:\/\/redaccion1.fcpolit.unr.edu.ar\/comision-margarit\/wp-json\/wp\/v2\/media?parent=1516"}],"wp:term":[{"taxonomy":"category","embeddable":true,"href":"https:\/\/redaccion1.fcpolit.unr.edu.ar\/comision-margarit\/wp-json\/wp\/v2\/categories?post=1516"},{"taxonomy":"post_tag","embeddable":true,"href":"https:\/\/redaccion1.fcpolit.unr.edu.ar\/comision-margarit\/wp-json\/wp\/v2\/tags?post=1516"}],"curies":[{"name":"wp","href":"https:\/\/api.w.org\/{rel}","templated":true}]}}