{"id":1474,"date":"2013-09-01T23:39:03","date_gmt":"2013-09-01T23:39:03","guid":{"rendered":"http:\/\/fcpolit.unr.edu.ar\/blogs\/redaccion1-margarit\/?p=1474"},"modified":"2013-09-01T23:39:03","modified_gmt":"2013-09-01T23:39:03","slug":"resumen-de-la-clase-del-27-de-agosto","status":"publish","type":"post","link":"https:\/\/redaccion1.fcpolit.unr.edu.ar\/comision-margarit\/2013\/09\/01\/resumen-de-la-clase-del-27-de-agosto\/","title":{"rendered":"Resumen de la clase del 27 de agosto"},"content":{"rendered":"<p>por Tamara Palermo y Federica Rubio<\/p>\n<p lang=\"es-AR\"><span><a href=\"https:\/\/blogs.fcpolit.unr.edu.ar\/redaccion1-margarit\/files\/2013\/09\/los4deliverpool.jpg\"><img loading=\"lazy\" decoding=\"async\" class=\"alignleft size-medium wp-image-1475\" alt=\"los4deliverpool\" src=\"https:\/\/blogs.fcpolit.unr.edu.ar\/redaccion1-margarit\/files\/2013\/09\/los4deliverpool-300x199.jpg\" width=\"300\" height=\"199\" \/><\/a>Este martes lo empezamos recobrando nuestro lugar habitual dentro de la facultad, por lo que no hubo confusiones para llegar a clase.<\/span><\/p>\n<p><span>Arrancamos con la noticia de <\/span><span style=\"color: #000000\"><a title=\"salida2\" href=\"https:\/\/blogs.fcpolit.unr.edu.ar\/redaccion1-margarit\/2013\/08\/27\/salida-al-campo-2-2\/#more-1460\"><span style=\"color: #000000\">una nueva <span style=\"color: #000000\">salida<\/span> al campo<\/span><\/a><\/span><span>, que Ana se ocup\u00f3 de explicar detalladamente. <\/span><\/p>\n<p lang=\"es-AR\"><span><!--more-->Esta vez, el trabajo a realizar debe incluir hiperv\u00ednculos, para asentar as\u00ed el tema que estuvimos trabajando las \u00faltimas clases, y es posible hacerlo en grupos de hasta tres personas.<\/span><\/p>\n<p>Una vez resueltas las dudas respecto a la tarea asignada y ya entregados los trabajos pendientes, pasamos a la secci\u00f3n de Lecturas Lindas de la mano de Silvina, que comparti\u00f3 con la clase los cap\u00edtulos \u201cIdentikit\u201d y \u201cLas diez promesas del autocontrol\u201d, del libro \u201c<a title=\"amame\" href=\"http:\/\/www.luispescetti.com\/libros-amame-eternamente-y-vamos-viendo\/\">\u00c1mame eternamente y vamos viendo\u201d<\/a> del autor <a title=\"pescetti\" href=\"http:\/\/www.luispescetti.com\/\">Luis Mar\u00eda\u00a0Pescetti<\/a>.<\/p>\n<p>Finalizando las lecturas, Ana dio arranque a la parte te\u00f3rica de la clase anunciando que el tema del d\u00eda ser\u00eda el <a title=\"estilos\" href=\"https:\/\/blogs.fcpolit.unr.edu.ar\/programa\/2008\/03\/29\/enunciados-referidos\/\">Tratamiento de enunciados referidos.<\/a> Estos enunciados o citas textuales est\u00e1n \u00edntimamente relacionados con <a title=\"enunc\" href=\"https:\/\/blogs.fcpolit.unr.edu.ar\/programa\/2008\/03\/29\/estilos-directo-e-indirecto\/\">el fen\u00f3meno de la enunciaci\u00f3n<\/a>.<\/p>\n<p lang=\"es-AR\"><span>En un texto se pueden ver las marcas o \u00edndices de la enunciaci\u00f3n, que son:<\/span><\/p>\n<p lang=\"es-AR\"><span>De personas (yo, t\u00fa, \u00e9l, siendo la tercera persona la recomendada para el g\u00e9nero informativo)<\/span><\/p>\n<p lang=\"es-AR\"><span>De ostensi\u00f3n (all\u00ed, aqu\u00ed)<\/span><\/p>\n<p lang=\"es-AR\"><span>De tiempo verbal (ayer, hoy)<\/span><\/p>\n<p lang=\"es-AR\"><span>Modalizadores (Fuertemente y claramente son los m\u00e1s usados en los \u00faltimos tiempos por los medios)<\/span><\/p>\n<p><span>En el marco informativo, que es el que nos ocupa, las citas m\u00e1s relevantes se hacen de forma textual, es decir se resuelven por escrito en <\/span>estilo directo<span>, mientras que los tramos m\u00e1s largos de un discurso que uno se propone referir se pueden resolver mejor en p\u00e1rrafos en <\/span>estilo indirecto.<\/p>\n<p>En el estilo directo encontramos el uso de comillas que conlleva cierta reglamentaci\u00f3n: la cita debe empezar siempre en may\u00fascula y el verbo puede ir tanto al principio como al final, y debe ser atribuida mediante un verbo. El verbo t\u00edpico es decir, pero <a title=\"decir\" href=\"https:\/\/blogs.fcpolit.unr.edu.ar\/programa\/2008\/03\/29\/campo-semantico-del-decir-mabel-marro-y-amalia-dellamea\/\">hay muchas variaciones del decir<\/a>.<\/p>\n<p><span>Cabe destacar que existen tambi\u00e9n las llamadas <\/span>frases enfatizadas<span>, donde se utilizan ciertas palabras de una cita, y una sola comilla (o comilla de comilla).<\/span><\/p>\n<p lang=\"es-AR\">Una vez terminada la explicaci\u00f3n del tema, analizamos de forma conjunta<a title=\"matobserv \" href=\"https:\/\/blogs.fcpolit.unr.edu.ar\/redaccion1-margarit\/2013\/08\/27\/materiales-de-observacion\/\"> diversos textos noticiosos <\/a>hallados en internet para reconocer los estilos directo e indirecto dentro de ellos.<\/p>\n<p>Para poder aplicar lo aprendido, realizamos una actividad que consisti\u00f3 en leer una entrevista realizada a Daniel Cassany titulada <a title=\"comprend\" href=\"https:\/\/blogs.fcpolit.unr.edu.ar\/redaccion1-arrabal\/2013\/06\/28\/comprender-no-es-creerse-el-contenido\/\">&#8220;Comprender no es creerse el contenido&#8221;<\/a><b>,<\/b> para luego poder armar un texto con formato de noticia que incluya los estilos tratados anteriormente en clase.<\/p>\n<p lang=\"es-AR\"><span>Dicha actividad debe ser completada y entregada de forma impresa para la siguiente clase.<\/span><\/p>\n","protected":false},"excerpt":{"rendered":"<p>por Tamara Palermo y Federica Rubio Este martes lo empezamos recobrando nuestro lugar habitual dentro de la facultad, por lo que no hubo confusiones para llegar a clase. Arrancamos con la noticia de una nueva salida al campo, que Ana se ocup\u00f3 de explicar detalladamente.<\/p>\n","protected":false},"author":1,"featured_media":0,"comment_status":"open","ping_status":"open","sticky":false,"template":"","format":"standard","meta":{"footnotes":""},"categories":[2],"tags":[],"_links":{"self":[{"href":"https:\/\/redaccion1.fcpolit.unr.edu.ar\/comision-margarit\/wp-json\/wp\/v2\/posts\/1474"}],"collection":[{"href":"https:\/\/redaccion1.fcpolit.unr.edu.ar\/comision-margarit\/wp-json\/wp\/v2\/posts"}],"about":[{"href":"https:\/\/redaccion1.fcpolit.unr.edu.ar\/comision-margarit\/wp-json\/wp\/v2\/types\/post"}],"author":[{"embeddable":true,"href":"https:\/\/redaccion1.fcpolit.unr.edu.ar\/comision-margarit\/wp-json\/wp\/v2\/users\/1"}],"replies":[{"embeddable":true,"href":"https:\/\/redaccion1.fcpolit.unr.edu.ar\/comision-margarit\/wp-json\/wp\/v2\/comments?post=1474"}],"version-history":[{"count":0,"href":"https:\/\/redaccion1.fcpolit.unr.edu.ar\/comision-margarit\/wp-json\/wp\/v2\/posts\/1474\/revisions"}],"wp:attachment":[{"href":"https:\/\/redaccion1.fcpolit.unr.edu.ar\/comision-margarit\/wp-json\/wp\/v2\/media?parent=1474"}],"wp:term":[{"taxonomy":"category","embeddable":true,"href":"https:\/\/redaccion1.fcpolit.unr.edu.ar\/comision-margarit\/wp-json\/wp\/v2\/categories?post=1474"},{"taxonomy":"post_tag","embeddable":true,"href":"https:\/\/redaccion1.fcpolit.unr.edu.ar\/comision-margarit\/wp-json\/wp\/v2\/tags?post=1474"}],"curies":[{"name":"wp","href":"https:\/\/api.w.org\/{rel}","templated":true}]}}