{"id":135,"date":"2007-11-26T22:37:25","date_gmt":"2007-11-26T22:37:25","guid":{"rendered":"http:\/\/fcpolit.unr.edu.ar\/blogs\/redaccion1-margarit\/2007\/11\/26\/la-actividad-y-los-cambios-a-futuro-en-la-facultad-de-ciencia-politica-y-rrii-de-la-universidad-nacional-de-rosario\/"},"modified":"2007-11-26T22:37:25","modified_gmt":"2007-11-26T22:37:25","slug":"la-actividad-y-los-cambios-a-futuro-en-la-facultad-de-ciencia-politica-y-rrii-de-la-universidad-nacional-de-rosario","status":"publish","type":"post","link":"https:\/\/redaccion1.fcpolit.unr.edu.ar\/comision-margarit\/2007\/11\/26\/la-actividad-y-los-cambios-a-futuro-en-la-facultad-de-ciencia-politica-y-rrii-de-la-universidad-nacional-de-rosario\/","title":{"rendered":"La actividad y los cambios a futuro en la Facultad de Ciencia Pol\u00edtica y RRII de la Universidad Nacional de Rosario"},"content":{"rendered":"<p><strong><em>por Paolo Luca*<\/em><\/strong><br \/>\nEn una entrevista breve pero jugosa, dialogamos con la Secretaria Acad\u00e9mica de la Facultad de Ciencia Pol\u00edtica y RRII, Mercedes Caila, quien nos inform\u00f3 entre otras cosas, sobre el desarrollo de la actividad acad\u00e9mica y  los proyectos que elaboran pensando en los inconvenientes que surgen cada a\u00f1o, y la situaci\u00f3n de los planes de estudio de las distintas carreras que se desarrollan en la academia.<\/p>\n<p><!--more--><br \/>\n\u201cAlgunos de los inconvenientes que hemos tenido fueron evidentemente la cantidad de paros, pero que esta cubierta por la buena predisposici\u00f3n de los docentes a atender consultas\u201d, explica, y adem\u00e1s, nos comenta que los problemas edilicios tambi\u00e9n les presentan algunas dificultades. Pero m\u00e1s all\u00e1 de esto, Mercedes Caila nos asegura que la actividad de la Facultad se despleg\u00f3 \u201cmedianamente\u201d.<br \/>\nEn cuanto al pr\u00f3ximo a\u00f1o, Caila nos informa sobre las mejoras edilicias que tendremos, y al mismo tiempo, haciendo referencia a las posibles eventualidades que pueden generarse, subraya un posible reordenamiento del calendario acad\u00e9mico para que puedan quedar algunas clases de consulta que logren cubrir aquellos acontecimientos que sucedan inesperadamente.<br \/>\nAsimismo, indica: \u201cLas expectativas tambi\u00e9n van a ser poder dar alg\u00fan curso de formaci\u00f3n pedag\u00f3gica optativa para los docentes, que ya lo tenemos presentado y esta aprobado por el directivo, pero nos falta la implementaci\u00f3n.\u201d. Mercedes comenta que la funci\u00f3n de estos cursos ser\u00e1 brindar un conocimiento a los docentes para que obtengan m\u00e1s armas y m\u00e1s estrategias dirigidas a las modalidades de evaluaci\u00f3n y de planificaci\u00f3n en la c\u00e1tedra. Esperan que de esta manera puedan llevarse adelante \u201cbien\u201d las clases.<br \/>\nTraslad\u00e1ndonos a la condiciones de los planes de estudio de las carreras que se llevan a cabo en la Facultad, Caila se\u00f1ala: \u201cEl plan que quiz\u00e1s tiene las modificaciones m\u00e1s adecuadas a lo que esta siendo la cuesti\u00f3n disciplinar, es el de la Licenciatura en Comunicaci\u00f3n Social, que es el m\u00e1s actualizado.\u201d, y a\u00f1ade: \u201cEn las otras carreras, sobre todo a trav\u00e9s de las Escuelas, se est\u00e1 debatiendo cu\u00e1les son las mejoras que son necesarias implementar para hacer una reforma para los pr\u00f3ximos a\u00f1os\u201d.<br \/>\nCree que las reformas en los planes de estudio de las otras carreras ser\u00e1n en breve tiempo, ya que corresponden producirse porque la competencia disciplinar debe acompa\u00f1arse con una \u201ctransformaci\u00f3n constante\u201d. Adem\u00e1s, aunque observan modificaciones parciales en los contenidos de las materias, ellos les exigen a los docentes que, cada tres a\u00f1os, siempre y cuando sea un momento adecuado, modifiquen el programa de la materia.<br \/>\nEn lo tocante al plan de la Licenciatura en Comunicaci\u00f3n, piensa que no es momento de realizar una \u201ctransformaci\u00f3n sustancial\u201d en \u00e9l, porque reci\u00e9n ahora comienzan a graduarse los estudiantes que se vieron influidos por la \u00faltima reforma. \u201cCreo que fue muy adecuada y muy oportuna.\u201d, opina.<br \/>\nPlanes de Estudio<br \/>\nCon respecto a los planes de las otras carreras expresa que son buenos, pero que, sin embargo, es necesario realizar una transformaci\u00f3n para mejorar los contenidos curriculares, o bien para observar las perturbaciones que manifiestan los cambios disciplinarios. Ejemplifica: \u201cPuede haber un programa que incluya en los contenidos curriculares dados a cada materia problemas tecnol\u00f3gicos, pero hoy evidentemente, los conceptos de tecnolog\u00eda  para la poblaci\u00f3n estudiantil que se incorpora ya han cambiado, porque no es lo mismo para un plan del \u201980 que para un plan del 2000.\u201d<br \/>\nDe esta manera, Mercedes Caila hace p\u00fablica las diversas modificaciones que \u201cgradualmente\u201d ir\u00e1n a ir aplicando en un futuro no tan lejano.<\/p>\n","protected":false},"excerpt":{"rendered":"<p>por Paolo Luca* En una entrevista breve pero jugosa, dialogamos con la Secretaria Acad\u00e9mica de la Facultad de Ciencia Pol\u00edtica y RRII, Mercedes Caila, quien nos inform\u00f3 entre otras cosas, sobre el desarrollo de la actividad acad\u00e9mica y los proyectos que elaboran pensando en los inconvenientes que surgen cada a\u00f1o, y la situaci\u00f3n de los [&hellip;]<\/p>\n","protected":false},"author":33,"featured_media":0,"comment_status":"open","ping_status":"closed","sticky":false,"template":"","format":"standard","meta":{"footnotes":""},"categories":[4],"tags":[],"_links":{"self":[{"href":"https:\/\/redaccion1.fcpolit.unr.edu.ar\/comision-margarit\/wp-json\/wp\/v2\/posts\/135"}],"collection":[{"href":"https:\/\/redaccion1.fcpolit.unr.edu.ar\/comision-margarit\/wp-json\/wp\/v2\/posts"}],"about":[{"href":"https:\/\/redaccion1.fcpolit.unr.edu.ar\/comision-margarit\/wp-json\/wp\/v2\/types\/post"}],"author":[{"embeddable":true,"href":"https:\/\/redaccion1.fcpolit.unr.edu.ar\/comision-margarit\/wp-json\/wp\/v2\/users\/33"}],"replies":[{"embeddable":true,"href":"https:\/\/redaccion1.fcpolit.unr.edu.ar\/comision-margarit\/wp-json\/wp\/v2\/comments?post=135"}],"version-history":[{"count":0,"href":"https:\/\/redaccion1.fcpolit.unr.edu.ar\/comision-margarit\/wp-json\/wp\/v2\/posts\/135\/revisions"}],"wp:attachment":[{"href":"https:\/\/redaccion1.fcpolit.unr.edu.ar\/comision-margarit\/wp-json\/wp\/v2\/media?parent=135"}],"wp:term":[{"taxonomy":"category","embeddable":true,"href":"https:\/\/redaccion1.fcpolit.unr.edu.ar\/comision-margarit\/wp-json\/wp\/v2\/categories?post=135"},{"taxonomy":"post_tag","embeddable":true,"href":"https:\/\/redaccion1.fcpolit.unr.edu.ar\/comision-margarit\/wp-json\/wp\/v2\/tags?post=135"}],"curies":[{"name":"wp","href":"https:\/\/api.w.org\/{rel}","templated":true}]}}