{"id":1070,"date":"2013-07-22T21:41:43","date_gmt":"2013-07-22T21:41:43","guid":{"rendered":"http:\/\/fcpolit.unr.edu.ar\/blogs\/redaccion1-margarit\/?p=1070"},"modified":"2013-07-22T21:41:43","modified_gmt":"2013-07-22T21:41:43","slug":"taller-de-lectura-no2-relato-de-vacaciones","status":"publish","type":"post","link":"https:\/\/redaccion1.fcpolit.unr.edu.ar\/comision-margarit\/2013\/07\/22\/taller-de-lectura-no2-relato-de-vacaciones\/","title":{"rendered":"Taller de lectura n\u00ba2: Relato de vacaciones"},"content":{"rendered":"<p><a href=\"https:\/\/blogs.fcpolit.unr.edu.ar\/redaccion1-margarit\/files\/2013\/07\/noa1.jpg\"><img loading=\"lazy\" decoding=\"async\" class=\"alignnone size-medium wp-image-1071\" alt=\"noa1\" src=\"https:\/\/blogs.fcpolit.unr.edu.ar\/redaccion1-margarit\/files\/2013\/07\/noa1-300x224.jpg\" width=\"300\" height=\"224\" \/><\/a><\/p>\n<p>Consignas:<\/p>\n<p>1)\u00a0\u00a0\u00a0\u00a0\u00a0 Lean el cuento <a href=\"http:\/\/www.iujaen.org\/pdf\/deshoras.pdf\" target=\"_blank\" rel=\"noopener\">Deshoras<\/a>, de Julio Cort\u00e1zar.<\/p>\n<blockquote><p>*<strong>Deshoras<\/strong>, \u00faltimo libro de cuentos que escribi\u00f3 Julio Cort\u00e1zar. Fue publicado en 1982.<\/p>\n<p><!--more--><\/p><\/blockquote>\n<p>2)\u00a0\u00a0\u00a0\u00a0\u00a0 Luego, como tarea de lectura, realicen sus <a href=\"https:\/\/blogs.fcpolit.unr.edu.ar\/programa\/2008\/03\/10\/las-inferencias-jose-a-leon\/\" target=\"_blank\" rel=\"noopener\">inferencias<\/a> sobre el relato. En efecto, podr\u00e1n llegar a la reconstrucci\u00f3n y al reconocimiento de los distintos modelos situacionales, entendidos como representaci\u00f3n cognitiva de acontecimientos, acciones, personas y situaciones, que aqu\u00ed aparecen. Detallar las inferencias.<\/p>\n<p>3)\u00a0\u00a0\u00a0\u00a0\u00a0 Utilizando el cuento de Cort\u00e1zar como motivador, escriban un relato de vacaciones donde puedan narrar y describir una o varias escenas que deseen destacar y compartir con sus compa\u00f1eros. La extensi\u00f3n del mismo es una decisi\u00f3n personal y estrat\u00e9gica<\/p>\n<blockquote><p>*Condici\u00f3n de producci\u00f3n: \u00a1Imaginar, ser creativos y libres!<\/p><\/blockquote>\n<p>4)\u00a0\u00a0\u00a0\u00a0\u00a0 Finalmente, ubic\u00e1ndose ahora ustedes mismos como lectores de su propio texto, \u00bfqu\u00e9 tareas de lectura pueden aplicar? \u00bfQu\u00e9 aporta este reconocimiento a su relato?<\/p>\n<p>Fecha de entrega: <strong>Lunes 29 de julio<\/strong>.<\/p>\n<p>Forma de entrega:<\/p>\n<p>Enviar por mail a <strong>ramiropalmanigrogmail.com<\/strong>, con copia a <strong>margarit2@arnet.com.ar<\/strong><\/p>\n<p>Una vez que el trabajo est\u00e9 aprobado, publicarlo en nuestra <a href=\"http:\/\/enredaccion.bligoo.com.ar\/\" target=\"_blank\" rel=\"noopener\">red Bligoo<\/a> utilizando las siguientes caracter\u00edsticas:<\/p>\n<blockquote><p>*T\u00edtulo: Taller de lectura n\u00ba2: Relato de vacaciones<\/p>\n<p>*Etiquetas: usinadepalabras<\/p>\n<p>*Usina de palabras: Comisi\u00f3n 4<\/p>\n<p>*Imagen: la que ustedes deseen<\/p>\n<p>* A destacar: el relato deber\u00e1 llevar su propio t\u00edtulo, como por ejemplo <strong>Deshoras<\/strong>.<\/p><\/blockquote>\n","protected":false},"excerpt":{"rendered":"<p>Consignas: 1)\u00a0\u00a0\u00a0\u00a0\u00a0 Lean el cuento Deshoras, de Julio Cort\u00e1zar. *Deshoras, \u00faltimo libro de cuentos que escribi\u00f3 Julio Cort\u00e1zar. Fue publicado en 1982.<\/p>\n","protected":false},"author":35,"featured_media":0,"comment_status":"open","ping_status":"open","sticky":false,"template":"","format":"standard","meta":{"footnotes":""},"categories":[6],"tags":[],"_links":{"self":[{"href":"https:\/\/redaccion1.fcpolit.unr.edu.ar\/comision-margarit\/wp-json\/wp\/v2\/posts\/1070"}],"collection":[{"href":"https:\/\/redaccion1.fcpolit.unr.edu.ar\/comision-margarit\/wp-json\/wp\/v2\/posts"}],"about":[{"href":"https:\/\/redaccion1.fcpolit.unr.edu.ar\/comision-margarit\/wp-json\/wp\/v2\/types\/post"}],"author":[{"embeddable":true,"href":"https:\/\/redaccion1.fcpolit.unr.edu.ar\/comision-margarit\/wp-json\/wp\/v2\/users\/35"}],"replies":[{"embeddable":true,"href":"https:\/\/redaccion1.fcpolit.unr.edu.ar\/comision-margarit\/wp-json\/wp\/v2\/comments?post=1070"}],"version-history":[{"count":0,"href":"https:\/\/redaccion1.fcpolit.unr.edu.ar\/comision-margarit\/wp-json\/wp\/v2\/posts\/1070\/revisions"}],"wp:attachment":[{"href":"https:\/\/redaccion1.fcpolit.unr.edu.ar\/comision-margarit\/wp-json\/wp\/v2\/media?parent=1070"}],"wp:term":[{"taxonomy":"category","embeddable":true,"href":"https:\/\/redaccion1.fcpolit.unr.edu.ar\/comision-margarit\/wp-json\/wp\/v2\/categories?post=1070"},{"taxonomy":"post_tag","embeddable":true,"href":"https:\/\/redaccion1.fcpolit.unr.edu.ar\/comision-margarit\/wp-json\/wp\/v2\/tags?post=1070"}],"curies":[{"name":"wp","href":"https:\/\/api.w.org\/{rel}","templated":true}]}}