{"id":1009,"date":"2013-06-11T14:08:08","date_gmt":"2013-06-11T14:08:08","guid":{"rendered":"http:\/\/fcpolit.unr.edu.ar\/blogs\/redaccion1-margarit\/?p=1009"},"modified":"2013-06-11T14:08:08","modified_gmt":"2013-06-11T14:08:08","slug":"para-observar-y-reconocer-coherencia-local","status":"publish","type":"post","link":"https:\/\/redaccion1.fcpolit.unr.edu.ar\/comision-margarit\/2013\/06\/11\/para-observar-y-reconocer-coherencia-local\/","title":{"rendered":"Para observar y reconocer coherencia local"},"content":{"rendered":"<p>Vamos a leer estos textos para reconocer las estrategias de coherencia local:<\/p>\n<p><a title=\"niebla 1\" href=\"http:\/\/www.rosario3.com\/noticias\/noticias.aspx?idNot=131206&amp;La-niebla-afect%C3%B3-al-tr%C3%A1nsito-pero-lo-que-mata-es-la-humedad\">La niebla afect\u00f3 el tr\u00e1nsito pero lo que mata es la humedad<\/a>, Rosario3.com<\/p>\n<p><a title=\"niebla 2\" href=\"http:\/\/www.elciudadanoweb.com\/?p=380313\">La niebla vuelve a invadir la regi\u00f3n y contin\u00faa el alerta vial<\/a>, El ciudadano<\/p>\n<p><a title=\"continuidad \" href=\"http:\/\/www.literatura.org\/Cortazar\/Continuidad.html\">Continuidad de los parques<\/a>, cuento de Julio Cort\u00e1zar<\/p>\n","protected":false},"excerpt":{"rendered":"<p>Vamos a leer estos textos para reconocer las estrategias de coherencia local: La niebla afect\u00f3 el tr\u00e1nsito pero lo que mata es la humedad, Rosario3.com La niebla vuelve a invadir la regi\u00f3n y contin\u00faa el alerta vial, El ciudadano Continuidad de los parques, cuento de Julio Cort\u00e1zar<\/p>\n","protected":false},"author":1,"featured_media":0,"comment_status":"open","ping_status":"open","sticky":false,"template":"","format":"standard","meta":{"footnotes":""},"categories":[6],"tags":[],"_links":{"self":[{"href":"https:\/\/redaccion1.fcpolit.unr.edu.ar\/comision-margarit\/wp-json\/wp\/v2\/posts\/1009"}],"collection":[{"href":"https:\/\/redaccion1.fcpolit.unr.edu.ar\/comision-margarit\/wp-json\/wp\/v2\/posts"}],"about":[{"href":"https:\/\/redaccion1.fcpolit.unr.edu.ar\/comision-margarit\/wp-json\/wp\/v2\/types\/post"}],"author":[{"embeddable":true,"href":"https:\/\/redaccion1.fcpolit.unr.edu.ar\/comision-margarit\/wp-json\/wp\/v2\/users\/1"}],"replies":[{"embeddable":true,"href":"https:\/\/redaccion1.fcpolit.unr.edu.ar\/comision-margarit\/wp-json\/wp\/v2\/comments?post=1009"}],"version-history":[{"count":0,"href":"https:\/\/redaccion1.fcpolit.unr.edu.ar\/comision-margarit\/wp-json\/wp\/v2\/posts\/1009\/revisions"}],"wp:attachment":[{"href":"https:\/\/redaccion1.fcpolit.unr.edu.ar\/comision-margarit\/wp-json\/wp\/v2\/media?parent=1009"}],"wp:term":[{"taxonomy":"category","embeddable":true,"href":"https:\/\/redaccion1.fcpolit.unr.edu.ar\/comision-margarit\/wp-json\/wp\/v2\/categories?post=1009"},{"taxonomy":"post_tag","embeddable":true,"href":"https:\/\/redaccion1.fcpolit.unr.edu.ar\/comision-margarit\/wp-json\/wp\/v2\/tags?post=1009"}],"curies":[{"name":"wp","href":"https:\/\/api.w.org\/{rel}","templated":true}]}}