{"id":987,"date":"2014-08-29T12:25:29","date_gmt":"2014-08-29T12:25:29","guid":{"rendered":"http:\/\/fcpolit.unr.edu.ar\/blogs\/redaccion1-liberatore\/?p=987"},"modified":"2014-08-29T12:25:29","modified_gmt":"2014-08-29T12:25:29","slug":"encuentro-en-la-comision-de-las-17-hs","status":"publish","type":"post","link":"https:\/\/redaccion1.fcpolit.unr.edu.ar\/comision-liberatore\/2014\/08\/29\/encuentro-en-la-comision-de-las-17-hs\/","title":{"rendered":"Encuentro en la comisi\u00f3n de las 17 hs."},"content":{"rendered":"<p><strong>Por Rom\u00e1n Gigena<\/strong> (alias Juli\u00e1n)<a href=\"https:\/\/blogs.fcpolit.unr.edu.ar\/redaccion1-liberatore\/files\/2014\/08\/DSC01537a.jpg\"><img loading=\"lazy\" decoding=\"async\" class=\"alignleft size-thumbnail wp-image-988\" src=\"https:\/\/blogs.fcpolit.unr.edu.ar\/redaccion1-liberatore\/files\/2014\/08\/DSC01537a-150x150.jpg\" alt=\"DSC01537a\" width=\"150\" height=\"150\" \/><\/a><\/p>\n<p><em>\u201cAdvertencia: como nadie tiene conciencia del \u2018control\u2019 de los manuscritos y a\u00fan de existir conciencia \u00e9sta no intervendr\u00eda en mi obra sino como referencia simb\u00f3lica a la licitud de la tem\u00e1tica propongo que se olvide cada palabra a medida que ella se lea.\u201d<\/em><\/p>\n<p><em>Guitarra negra \/ L.A.Spinetta<\/em><!--more--><\/p>\n<p>Como ya sabemos, el uso de las palabras dispara m\u00faltiples interpretaciones; por eso al escribir estas, me preguntaba sobre qu\u00e9 tipo de resumen deber\u00eda tratar: si el que imagino que cada uno de ustedes hizo, si de las ideas que yo mismo consegu\u00ed atrapar, o si ten\u00edan que incluir todo aquello que sigui\u00f3 viaje por la ruta los apodos, el caf\u00e9 y los sicarios\u2026<\/p>\n<p>Mejor empezamos as\u00ed:<\/p>\n<p>La clase gir\u00f3 en torno a la Entrevista Period\u00edstica, tema principal que estamos desarrollando estos d\u00edas tanto en Redacci\u00f3n como en Expresi\u00f3n Oral. Y si bien los enfoques transitan m\u00e1rgenes paralelos, coinciden en la importancia de la <em>\u2018atenci\u00f3n flotante\u2019<\/em> a la hora de llevar a cabo la tarea.<\/p>\n<p>Repasamos algunos fragmentos, entre los r\u00edos de tinta que podemos encontrar a diario, para establecer las diferencias de estilo en el que se pueden desarrollar las entrevistas (E. Directo o E. Indirecto), retomando tambi\u00e9n ideas sobre la teor\u00eda de la enunciaci\u00f3n trabajados en la clase anterior.<\/p>\n<p>Adem\u00e1s, compartimos algo de nuestras lecturas privadas, pero entre tanta ideolog\u00eda alemana, preferimos quedarnos con el hallazgo providencial en una mesa de saldos, casi como por arte de magia.<\/p>\n<p>El <strong>trabajo pr\u00e1ctico<\/strong> por venir, se divide as\u00ed:<\/p>\n<ul>\n<li>Tomar una entrevista base y reconocer las partes de la superestructura, incluido los estilos en los que se redact\u00f3 la misma. Escribir una nueva con este material, en la que podemos reordenar, recortar o simular un nuevo estilo, pero siempre argumentando sobre aquello que se trabaj\u00f3.<\/li>\n<li>Utilizando la nota que generamos en Expresi\u00f3n Oral, debemos presentar la entrevista original y una nueva versi\u00f3n reelaborada, generando un texto en superestructura conversacional de acuerdo a los intereses del p\u00fablico al que va dirigido.<\/li>\n<\/ul>\n<p>Espero que el resumen de la clase les sirva como herramienta para los pr\u00f3ximos d\u00edas, y por el caudal de palabras les pido perd\u00f3n: me dej\u00e9 atrapar en la marea de las digresiones, buscando aquellas que consiguieran dar justo en el clavo, principalmente, para no martillarles un dedo\u2026<\/p>\n","protected":false},"excerpt":{"rendered":"<p>Por Rom\u00e1n Gigena (alias Juli\u00e1n) \u201cAdvertencia: como nadie tiene conciencia del \u2018control\u2019 de los manuscritos y a\u00fan de existir conciencia \u00e9sta no intervendr\u00eda en mi obra sino como referencia simb\u00f3lica a la licitud de la tem\u00e1tica propongo que se olvide cada palabra a medida que ella se lea.\u201d Guitarra negra \/ L.A.Spinetta<\/p>\n","protected":false},"author":16,"featured_media":0,"comment_status":"open","ping_status":"open","sticky":false,"template":"","format":"standard","meta":{"footnotes":""},"categories":[15,16],"tags":[],"_links":{"self":[{"href":"https:\/\/redaccion1.fcpolit.unr.edu.ar\/comision-liberatore\/wp-json\/wp\/v2\/posts\/987"}],"collection":[{"href":"https:\/\/redaccion1.fcpolit.unr.edu.ar\/comision-liberatore\/wp-json\/wp\/v2\/posts"}],"about":[{"href":"https:\/\/redaccion1.fcpolit.unr.edu.ar\/comision-liberatore\/wp-json\/wp\/v2\/types\/post"}],"author":[{"embeddable":true,"href":"https:\/\/redaccion1.fcpolit.unr.edu.ar\/comision-liberatore\/wp-json\/wp\/v2\/users\/16"}],"replies":[{"embeddable":true,"href":"https:\/\/redaccion1.fcpolit.unr.edu.ar\/comision-liberatore\/wp-json\/wp\/v2\/comments?post=987"}],"version-history":[{"count":0,"href":"https:\/\/redaccion1.fcpolit.unr.edu.ar\/comision-liberatore\/wp-json\/wp\/v2\/posts\/987\/revisions"}],"wp:attachment":[{"href":"https:\/\/redaccion1.fcpolit.unr.edu.ar\/comision-liberatore\/wp-json\/wp\/v2\/media?parent=987"}],"wp:term":[{"taxonomy":"category","embeddable":true,"href":"https:\/\/redaccion1.fcpolit.unr.edu.ar\/comision-liberatore\/wp-json\/wp\/v2\/categories?post=987"},{"taxonomy":"post_tag","embeddable":true,"href":"https:\/\/redaccion1.fcpolit.unr.edu.ar\/comision-liberatore\/wp-json\/wp\/v2\/tags?post=987"}],"curies":[{"name":"wp","href":"https:\/\/api.w.org\/{rel}","templated":true}]}}