{"id":97,"date":"2008-07-10T10:50:44","date_gmt":"2008-07-10T10:50:44","guid":{"rendered":"http:\/\/fcpolit.unr.edu.ar\/blogs\/redaccion1-liberatore\/2008\/07\/10\/tan-lejos-tan-cerca\/"},"modified":"2008-07-10T10:50:44","modified_gmt":"2008-07-10T10:50:44","slug":"tan-lejos-tan-cerca","status":"publish","type":"post","link":"https:\/\/redaccion1.fcpolit.unr.edu.ar\/comision-liberatore\/2008\/07\/10\/tan-lejos-tan-cerca\/","title":{"rendered":"Tan lejos, tan cerca"},"content":{"rendered":"<p><strong>Trabajo Pr\u00e1ctico &#8220;Vacaciones en Redacci\u00f3n&#8221;<\/strong><\/p>\n<p><!--more--><br \/>\n<strong>De la mano de un grande de la literatura argentina, entraremos en el mundo de la redacci\u00f3n de  entrevistas. Esperamos que el paseo sea una experiencia de aprendizaje intensa<\/strong>.<br \/>\n1.  Escuchar y observar la entrevista a Julio Cort\u00e1zar.<br \/>\n2. Redactar un texto en el que comuniques las palabras del entrevistado, para una revista de divulgaci\u00f3n general (domingos tirada nacional), utilizando diferentes estilos aprendidos en la unidad n\u00ba5. Agregar las impresiones, caracter\u00edsticas del contexto  y situaci\u00f3n de comunicaci\u00f3n que consideres interesante para publicar.<br \/>\n3. Elaborar un t\u00edtulo<br \/>\n4. En tu texto marc\u00e1 los diferentes tipos de \u00edndices.<br \/>\n5. La presentaci\u00f3n en el video: \u00bfCumple con las reglas b\u00e1sicas de la entrevista? \u00bfcu\u00e1les? Describirlas.<br \/>\n6. Seg\u00fan los textos fuentes, esta entrevista \u00bfa qu\u00e9 tipo pertenece?<\/p>\n","protected":false},"excerpt":{"rendered":"<p>Trabajo Pr\u00e1ctico &#8220;Vacaciones en Redacci\u00f3n&#8221;<\/p>\n","protected":false},"author":19,"featured_media":0,"comment_status":"open","ping_status":"closed","sticky":false,"template":"","format":"standard","meta":{"footnotes":""},"categories":[3],"tags":[],"_links":{"self":[{"href":"https:\/\/redaccion1.fcpolit.unr.edu.ar\/comision-liberatore\/wp-json\/wp\/v2\/posts\/97"}],"collection":[{"href":"https:\/\/redaccion1.fcpolit.unr.edu.ar\/comision-liberatore\/wp-json\/wp\/v2\/posts"}],"about":[{"href":"https:\/\/redaccion1.fcpolit.unr.edu.ar\/comision-liberatore\/wp-json\/wp\/v2\/types\/post"}],"author":[{"embeddable":true,"href":"https:\/\/redaccion1.fcpolit.unr.edu.ar\/comision-liberatore\/wp-json\/wp\/v2\/users\/19"}],"replies":[{"embeddable":true,"href":"https:\/\/redaccion1.fcpolit.unr.edu.ar\/comision-liberatore\/wp-json\/wp\/v2\/comments?post=97"}],"version-history":[{"count":0,"href":"https:\/\/redaccion1.fcpolit.unr.edu.ar\/comision-liberatore\/wp-json\/wp\/v2\/posts\/97\/revisions"}],"wp:attachment":[{"href":"https:\/\/redaccion1.fcpolit.unr.edu.ar\/comision-liberatore\/wp-json\/wp\/v2\/media?parent=97"}],"wp:term":[{"taxonomy":"category","embeddable":true,"href":"https:\/\/redaccion1.fcpolit.unr.edu.ar\/comision-liberatore\/wp-json\/wp\/v2\/categories?post=97"},{"taxonomy":"post_tag","embeddable":true,"href":"https:\/\/redaccion1.fcpolit.unr.edu.ar\/comision-liberatore\/wp-json\/wp\/v2\/tags?post=97"}],"curies":[{"name":"wp","href":"https:\/\/api.w.org\/{rel}","templated":true}]}}