{"id":969,"date":"2014-08-15T13:40:08","date_gmt":"2014-08-15T13:40:08","guid":{"rendered":"http:\/\/fcpolit.unr.edu.ar\/blogs\/redaccion1-liberatore\/?p=969"},"modified":"2014-08-15T13:40:08","modified_gmt":"2014-08-15T13:40:08","slug":"resumen-del-encuentro-comision-17-hs","status":"publish","type":"post","link":"https:\/\/redaccion1.fcpolit.unr.edu.ar\/comision-liberatore\/2014\/08\/15\/resumen-del-encuentro-comision-17-hs\/","title":{"rendered":"Resumen del encuentro. Comisi\u00f3n 17 hs."},"content":{"rendered":"<p>&nbsp;<\/p>\n<p>Por Fernando Mediavilla<\/p>\n<p><a href=\"https:\/\/blogs.fcpolit.unr.edu.ar\/redaccion1-liberatore\/files\/2014\/08\/10389679_10202998430695402_1514072680153473233_n.jpg\"><img loading=\"lazy\" decoding=\"async\" class=\"alignright size-thumbnail wp-image-970\" src=\"https:\/\/blogs.fcpolit.unr.edu.ar\/redaccion1-liberatore\/files\/2014\/08\/10389679_10202998430695402_1514072680153473233_n-150x150.jpg\" alt=\"10389679_10202998430695402_1514072680153473233_n\" width=\"150\" height=\"150\" \/><\/a>Esta vez me toc\u00f3\u00a0realizar el resumen de lo dado en clase y espero presentarlo\u00a0de la mejor manera.<\/p>\n<p>Como todas las clases, dimos comienzo al encuentro compartiendo nuestras lecturas, fuera de lo obligatorio. Esta vez las lecturas comentadas tuvieron mucho que ver con noticias, debido a un ejemplo que la profesora\u00a0 coment\u00f3 y dio pie para que los compa\u00f1eros comiencen a contar algunas lecturas de noticias que hab\u00edan realizado.<\/p>\n<p><!--more--><\/p>\n<p>En cuanto a lo obligatorio, se comenz\u00f3 hablando del final de la unidad 4, es decir, lo que ten\u00eda que ver con el concepto de cohesi\u00f3n. Se trabaj\u00f3 con los conectores y dem\u00e1s caracter\u00edsticas que forman la cohesi\u00f3n en un texto.<\/p>\n<p>En la segunda mitad de la clase, se trabaj\u00f3 sobre la unidad 8, que presenta la idea de noticia. Esta unidad se transforma en un estilo de nexo con la c\u00e1tedra de Redacci\u00f3n II, ya que el contenido general de esta es la noticia.<\/p>\n<p>Para finalizar la clase Ana dio como es costumbre, lo que debemos llevar le\u00eddo y el trabajo pr\u00e1ctico que hay que realizar para el siguiente encuentro. Esta vez se trata de los textos base y fuente 1 y 2 de la unidad 5, mientras que el trabajo pr\u00e1ctico est\u00e1 en la unidad 8 y es \u201cNoticia sin cabeza\u201d.<\/p>\n<p>Para darle un cierre a mi resumen de la clase, que espero les sirva, dejo el nombre de una canci\u00f3n que a m\u00ed en particular me gusta mucho y espero que a ustedes tambi\u00e9n: \u201cTristeza de la ciudad\u201d de Los Abuelos de Nada.<\/p>\n<p>Saludos, Fernando Mediavilla.<\/p>\n","protected":false},"excerpt":{"rendered":"<p>&nbsp; Por Fernando Mediavilla Esta vez me toc\u00f3\u00a0realizar el resumen de lo dado en clase y espero presentarlo\u00a0de la mejor manera. Como todas las clases, dimos comienzo al encuentro compartiendo nuestras lecturas, fuera de lo obligatorio. Esta vez las lecturas comentadas tuvieron mucho que ver con noticias, debido a un ejemplo que la profesora\u00a0 coment\u00f3 [&hellip;]<\/p>\n","protected":false},"author":16,"featured_media":0,"comment_status":"open","ping_status":"open","sticky":false,"template":"","format":"standard","meta":{"footnotes":""},"categories":[15,16],"tags":[],"_links":{"self":[{"href":"https:\/\/redaccion1.fcpolit.unr.edu.ar\/comision-liberatore\/wp-json\/wp\/v2\/posts\/969"}],"collection":[{"href":"https:\/\/redaccion1.fcpolit.unr.edu.ar\/comision-liberatore\/wp-json\/wp\/v2\/posts"}],"about":[{"href":"https:\/\/redaccion1.fcpolit.unr.edu.ar\/comision-liberatore\/wp-json\/wp\/v2\/types\/post"}],"author":[{"embeddable":true,"href":"https:\/\/redaccion1.fcpolit.unr.edu.ar\/comision-liberatore\/wp-json\/wp\/v2\/users\/16"}],"replies":[{"embeddable":true,"href":"https:\/\/redaccion1.fcpolit.unr.edu.ar\/comision-liberatore\/wp-json\/wp\/v2\/comments?post=969"}],"version-history":[{"count":0,"href":"https:\/\/redaccion1.fcpolit.unr.edu.ar\/comision-liberatore\/wp-json\/wp\/v2\/posts\/969\/revisions"}],"wp:attachment":[{"href":"https:\/\/redaccion1.fcpolit.unr.edu.ar\/comision-liberatore\/wp-json\/wp\/v2\/media?parent=969"}],"wp:term":[{"taxonomy":"category","embeddable":true,"href":"https:\/\/redaccion1.fcpolit.unr.edu.ar\/comision-liberatore\/wp-json\/wp\/v2\/categories?post=969"},{"taxonomy":"post_tag","embeddable":true,"href":"https:\/\/redaccion1.fcpolit.unr.edu.ar\/comision-liberatore\/wp-json\/wp\/v2\/tags?post=969"}],"curies":[{"name":"wp","href":"https:\/\/api.w.org\/{rel}","templated":true}]}}