{"id":959,"date":"2014-08-08T14:16:42","date_gmt":"2014-08-08T14:16:42","guid":{"rendered":"http:\/\/fcpolit.unr.edu.ar\/blogs\/redaccion1-liberatore\/?p=959"},"modified":"2014-08-08T14:16:42","modified_gmt":"2014-08-08T14:16:42","slug":"resumen-comision-17-hs-7","status":"publish","type":"post","link":"https:\/\/redaccion1.fcpolit.unr.edu.ar\/comision-liberatore\/2014\/08\/08\/resumen-comision-17-hs-7\/","title":{"rendered":"Resumen: Comisi\u00f3n 17 hs."},"content":{"rendered":"<p><a href=\"https:\/\/blogs.fcpolit.unr.edu.ar\/redaccion1-liberatore\/files\/2014\/08\/1607035_10202602649560093_1866802015_n.jpg\"><img loading=\"lazy\" decoding=\"async\" class=\"alignright size-thumbnail wp-image-960\" src=\"https:\/\/blogs.fcpolit.unr.edu.ar\/redaccion1-liberatore\/files\/2014\/08\/1607035_10202602649560093_1866802015_n-150x150.jpg\" alt=\"1607035_10202602649560093_1866802015_n\" width=\"150\" height=\"150\" \/><\/a>Por Gina Tebay<\/p>\n<p>Hola a todos.<\/p>\n<p>Esta vez me toc\u00f3 a m\u00ed continuar con la metodolog\u00eda propuesta por Ana,\u00a0 que consiste en contar un resumen acerca de lo que fue la clase, de esa manera todos estamos actualizados con lo que est\u00e1 sucediendo en la c\u00e1tedra.<!--more--><\/p>\n<p>En principio, como hacemos todos los mi\u00e9rcoles, compartimos los recorridos de las lecturas que \u00a0hizo cada uno, ponemos en com\u00fan opiniones y vinculamos aquellos textos con la teor\u00eda.<\/p>\n<p>Esta vez el tema fue el hecho noticioso. Estuvimos charlando acerca de c\u00f3mo la noticia se vuelve importante, a trav\u00e9s de que hechos se la considera de inter\u00e9s y que requisitos debe tener para ser\u00a0 publicada en un diario a nivel nacional. Expusimos experiencias y debatimos temas de actualidad.<\/p>\n<p>En cuanto a los contenidos abordados, trabajamos con los textos de la unidad 4. Hicimos enfoque en los t\u00e9rminos de coherencia local, coherencia global, cohesi\u00f3n y macrorreglas para elaborar y comprender un texto.<\/p>\n<p>Con respecto a los trabajamos pr\u00e1cticos, aquellos que deben entregar \u201cConectando Ideas \u201cy \u201cClasificaci\u00f3n de los Textos\u201d, les recuerdo que\u00a0 esta es la \u00faltima semana.<\/p>\n<p>Lo que se viene es un trabajo que nos puede resultar m\u00e1s interesante, ya que apela a nuestra creatividad a la hora de escribir. La idea es que pensemos en algo que sabemos hacer y realicemos un instructivo. Durante la clase le\u00edmos \u201cComo subir una escalera\u201d de Julio Cort\u00e1zar para tener una noci\u00f3n acerca de c\u00f3mo poder hacerlo.<\/p>\n<p>TP:\u00a0<a href=\"https:\/\/blogs.fcpolit.unr.edu.ar\/programa\/2008\/03\/17\/algo-de-lo-que-vos-sabes-hacer\/\">Instrucciones<\/a><\/p>\n<p>Espero que este resumen cumpla la funci\u00f3n que se esperaba. Y si no es as\u00ed, les pido disculpas, estoy aprendiendo a escribir.<\/p>\n<p>Estuve viendo que dejan una frase para cerrar, as\u00ed que aqu\u00ed les dejo la que eleg\u00ed de Eduardo Galeano: \u201cMucha gente peque\u00f1a, en lugares peque\u00f1os, haciendo cosas peque\u00f1as, puede cambiar el mundo\u201d.<\/p>\n<p>&nbsp;<\/p>\n<p>Gina Tebay.<\/p>\n<p>&nbsp;<\/p>\n<p>&nbsp;<\/p>\n<p>&nbsp;<\/p>\n","protected":false},"excerpt":{"rendered":"<p>Por Gina Tebay Hola a todos. Esta vez me toc\u00f3 a m\u00ed continuar con la metodolog\u00eda propuesta por Ana,\u00a0 que consiste en contar un resumen acerca de lo que fue la clase, de esa manera todos estamos actualizados con lo que est\u00e1 sucediendo en la c\u00e1tedra.<\/p>\n","protected":false},"author":16,"featured_media":0,"comment_status":"open","ping_status":"open","sticky":false,"template":"","format":"standard","meta":{"footnotes":""},"categories":[15,16],"tags":[],"_links":{"self":[{"href":"https:\/\/redaccion1.fcpolit.unr.edu.ar\/comision-liberatore\/wp-json\/wp\/v2\/posts\/959"}],"collection":[{"href":"https:\/\/redaccion1.fcpolit.unr.edu.ar\/comision-liberatore\/wp-json\/wp\/v2\/posts"}],"about":[{"href":"https:\/\/redaccion1.fcpolit.unr.edu.ar\/comision-liberatore\/wp-json\/wp\/v2\/types\/post"}],"author":[{"embeddable":true,"href":"https:\/\/redaccion1.fcpolit.unr.edu.ar\/comision-liberatore\/wp-json\/wp\/v2\/users\/16"}],"replies":[{"embeddable":true,"href":"https:\/\/redaccion1.fcpolit.unr.edu.ar\/comision-liberatore\/wp-json\/wp\/v2\/comments?post=959"}],"version-history":[{"count":0,"href":"https:\/\/redaccion1.fcpolit.unr.edu.ar\/comision-liberatore\/wp-json\/wp\/v2\/posts\/959\/revisions"}],"wp:attachment":[{"href":"https:\/\/redaccion1.fcpolit.unr.edu.ar\/comision-liberatore\/wp-json\/wp\/v2\/media?parent=959"}],"wp:term":[{"taxonomy":"category","embeddable":true,"href":"https:\/\/redaccion1.fcpolit.unr.edu.ar\/comision-liberatore\/wp-json\/wp\/v2\/categories?post=959"},{"taxonomy":"post_tag","embeddable":true,"href":"https:\/\/redaccion1.fcpolit.unr.edu.ar\/comision-liberatore\/wp-json\/wp\/v2\/tags?post=959"}],"curies":[{"name":"wp","href":"https:\/\/api.w.org\/{rel}","templated":true}]}}