{"id":954,"date":"2014-08-04T12:43:43","date_gmt":"2014-08-04T12:43:43","guid":{"rendered":"http:\/\/fcpolit.unr.edu.ar\/blogs\/redaccion1-liberatore\/?p=954"},"modified":"2014-08-04T12:43:43","modified_gmt":"2014-08-04T12:43:43","slug":"resumen-comision-17-hs-6","status":"publish","type":"post","link":"https:\/\/redaccion1.fcpolit.unr.edu.ar\/comision-liberatore\/2014\/08\/04\/resumen-comision-17-hs-6\/","title":{"rendered":"Resumen. Comisi\u00f3n 17 hs."},"content":{"rendered":"<p>\u00a1Hola chicos! Como muchos saben la clase pasada decid\u00ed\u00a0hacerme la m\u00e1rtir\u00a0y me ofrec\u00ed para<\/p>\n<p><a href=\"https:\/\/blogs.fcpolit.unr.edu.ar\/redaccion1-liberatore\/files\/2014\/08\/Imagen-077.jpg\"><img loading=\"lazy\" decoding=\"async\" class=\"alignright size-thumbnail wp-image-955\" src=\"https:\/\/blogs.fcpolit.unr.edu.ar\/redaccion1-liberatore\/files\/2014\/08\/Imagen-077-150x150.jpg\" alt=\"Imagen 077\" width=\"150\" height=\"150\" \/><\/a>escribir el resumen de la semana.<\/p>\n<p>Al llegar a la clase recib\u00ed una gran noticia, la cual admito me cost\u00f3 creer. Esa gran noticia fu\u00e9 que hab\u00eda aprobado, de hecho, todos los hab\u00edamos hecho. As\u00ed que: \u00a1felicitaciones!<\/p>\n<p><!--more--><\/p>\n<p>En cuanto a los contenidos abordados, estuvimos trabajando los textos base de la unidad 3 y sus respectivos textos fuente. Nos referimos a la definici\u00f3n de texto y su clasificaci\u00f3n, a las nociones de dimensiones y niveles y observamos los distintos modelos de texto seg\u00fan g\u00e9neros discursivos, textuales, funci\u00f3n y trama y morfolog\u00eda y aspectos textuales.<\/p>\n<p>Trabajamos\u00a0 sobre el concepto de competencias ling\u00fc\u00edsticas, hipertexto, enlaces y cada uno aport\u00f3 experiencias y opiniones para enriquecer la comprensi\u00f3n de la clase.<\/p>\n<p>En cuanto a los trabajos pr\u00e1cticos: silencien el Whatsapp, cierren Facebook, si suena el tel\u00e9fono no atiendan; en fin, la vida social deber\u00e1 esperar. Tenemos los dos trabajos pr\u00e1cticos que la profesora asigna semanalmente, los cuales encontrar\u00e1n bajo el nombre de Conectando Ideas y Clasificaci\u00f3n de los Textos. Adem\u00e1s ya estan publicadas las consignas del trabajo pr\u00e1ctico integrador que debemos hacer en base al libro que hemos elegido entre los propuestos por la profesora antes de las vacaciones.<\/p>\n<p>As\u00ed que: \u00a1a ponerse las pilas! Y si todo esto no les sirve, les dejo una frase de Floyd Mayweather, el mejor boxeador libra por libra a nivel mundial de los \u00faltimos tiempos; y que en un mes expone sus t\u00edtulos frente a nuestro p\u00fagil argentino Marcos Maidana: <em>\u201cPARA SER EL MEJOR, DEBES TRABAJAR TIEMPO EXTRA\u201d.<\/em><\/p>\n<p><em>\u00a0\u00a0\u00a0\u00a0\u00a0\u00a0\u00a0\u00a0\u00a0\u00a0\u00a0\u00a0\u00a0\u00a0\u00a0\u00a0\u00a0\u00a0\u00a0\u00a0\u00a0\u00a0\u00a0\u00a0\u00a0\u00a0\u00a0\u00a0\u00a0\u00a0\u00a0\u00a0\u00a0\u00a0\u00a0\u00a0\u00a0\u00a0\u00a0\u00a0\u00a0\u00a0\u00a0\u00a0\u00a0\u00a0\u00a0\u00a0\u00a0\u00a0\u00a0\u00a0\u00a0\u00a0\u00a0\u00a0\u00a0\u00a0\u00a0\u00a0\u00a0\u00a0\u00a0\u00a0\u00a0\u00a0\u00a0\u00a0\u00a0\u00a0\u00a0\u00a0\u00a0\u00a0\u00a0\u00a0\u00a0\u00a0\u00a0\u00a0\u00a0\u00a0\u00a0\u00a0\u00a0\u00a0\u00a0\u00a0\u00a0\u00a0\u00a0\u00a0\u00a0\u00a0\u00a0\u00a0\u00a0\u00a0\u00a0\u00a0\u00a0\u00a0\u00a0\u00a0\u00a0\u00a0\u00a0\u00a0\u00a0\u00a0\u00a0\u00a0\u00a0\u00a0\u00a0\u00a0\u00a0\u00a0\u00a0\u00a0\u00a0\u00a0\u00a0\u00a0\u00a0\u00a0\u00a0\u00a0\u00a0\u00a0\u00a0\u00a0\u00a0\u00a0\u00a0 <\/em>Melisa Sanginetti.<\/p>\n","protected":false},"excerpt":{"rendered":"<p>\u00a1Hola chicos! Como muchos saben la clase pasada decid\u00ed\u00a0hacerme la m\u00e1rtir\u00a0y me ofrec\u00ed para escribir el resumen de la semana. Al llegar a la clase recib\u00ed una gran noticia, la cual admito me cost\u00f3 creer. Esa gran noticia fu\u00e9 que hab\u00eda aprobado, de hecho, todos los hab\u00edamos hecho. As\u00ed que: \u00a1felicitaciones!<\/p>\n","protected":false},"author":16,"featured_media":0,"comment_status":"open","ping_status":"open","sticky":false,"template":"","format":"standard","meta":{"footnotes":""},"categories":[15,16],"tags":[],"_links":{"self":[{"href":"https:\/\/redaccion1.fcpolit.unr.edu.ar\/comision-liberatore\/wp-json\/wp\/v2\/posts\/954"}],"collection":[{"href":"https:\/\/redaccion1.fcpolit.unr.edu.ar\/comision-liberatore\/wp-json\/wp\/v2\/posts"}],"about":[{"href":"https:\/\/redaccion1.fcpolit.unr.edu.ar\/comision-liberatore\/wp-json\/wp\/v2\/types\/post"}],"author":[{"embeddable":true,"href":"https:\/\/redaccion1.fcpolit.unr.edu.ar\/comision-liberatore\/wp-json\/wp\/v2\/users\/16"}],"replies":[{"embeddable":true,"href":"https:\/\/redaccion1.fcpolit.unr.edu.ar\/comision-liberatore\/wp-json\/wp\/v2\/comments?post=954"}],"version-history":[{"count":0,"href":"https:\/\/redaccion1.fcpolit.unr.edu.ar\/comision-liberatore\/wp-json\/wp\/v2\/posts\/954\/revisions"}],"wp:attachment":[{"href":"https:\/\/redaccion1.fcpolit.unr.edu.ar\/comision-liberatore\/wp-json\/wp\/v2\/media?parent=954"}],"wp:term":[{"taxonomy":"category","embeddable":true,"href":"https:\/\/redaccion1.fcpolit.unr.edu.ar\/comision-liberatore\/wp-json\/wp\/v2\/categories?post=954"},{"taxonomy":"post_tag","embeddable":true,"href":"https:\/\/redaccion1.fcpolit.unr.edu.ar\/comision-liberatore\/wp-json\/wp\/v2\/tags?post=954"}],"curies":[{"name":"wp","href":"https:\/\/api.w.org\/{rel}","templated":true}]}}