{"id":95,"date":"2008-06-20T19:13:55","date_gmt":"2008-06-20T19:13:55","guid":{"rendered":"http:\/\/fcpolit.unr.edu.ar\/blogs\/redaccion1-liberatore\/2008\/06\/20\/noticia-de-la-semana\/"},"modified":"2008-06-20T19:13:55","modified_gmt":"2008-06-20T19:13:55","slug":"noticia-de-la-semana","status":"publish","type":"post","link":"https:\/\/redaccion1.fcpolit.unr.edu.ar\/comision-liberatore\/2008\/06\/20\/noticia-de-la-semana\/","title":{"rendered":"Noticia de la semana"},"content":{"rendered":"<p><img loading=\"lazy\" decoding=\"async\" alt=\"imagen%20util.jpg-Eliana\" src=\"http:\/\/www.bdp.org.ar\/facultad\/catedras\/comsoc\/redaccion1\/liberatore\/imagen%20util.jpg-Eliana\" width=\"112\" height=\"118\" hspace=\"15\"><br \/>\nA LAS 19 SE LEVANTARA EL CAMPAMENTO<br \/>\nPor Eliana Flores<\/p>\n<p><!--more--><br \/>\nEl d\u00eda mi\u00e9rcoles, entre  el repaso del texto base uno y dos de la unidad n\u00famero tres, se mencionaron las pautas que se tendr\u00e1n en cuenta para el parcial que se dictar\u00e1 en el aula 104, el  mi\u00e9rcoles 25 de junio a partir de las 17 hs.<br \/>\nEl examen abordar\u00e1 de forma te\u00f3rica las unidades uno, dos y tres inclusive,  donde, como bien ya sabemos, encontramos conceptos y carater\u00edsitcas del Autor, del Lector y los Textos.<br \/>\nEst\u00e1  estipulado que el examen dure no m\u00e1s de una hora y media, es por esa raz\u00f3n que llegar temprano nos favorecer\u00eda para aprovechar bien el tiempo antes que  \u201cse levante el campamento \u2026\u201d frase que utiliz\u00f3 la Prof.  Ana L. Liberatore, para dejar bien en claro que a las 19 hs a m\u00e1s tardar, estaremos pasando a otra actividad.<br \/>\nEl recuperatorio se llevar\u00e1 a cabo antes de las vacaciones de invierno, es decir, el mi\u00e9rcoles posterior a la evaluaci\u00f3n, el d\u00eda 2 de julio. Mientras  tanto, el resto de la clase seguir\u00e1 su curso hacia la unidad n\u00famero cuatro.<\/p>\n","protected":false},"excerpt":{"rendered":"<p>A LAS 19 SE LEVANTARA EL CAMPAMENTO Por Eliana Flores<\/p>\n","protected":false},"author":19,"featured_media":0,"comment_status":"open","ping_status":"closed","sticky":false,"template":"","format":"standard","meta":{"footnotes":""},"categories":[4],"tags":[],"_links":{"self":[{"href":"https:\/\/redaccion1.fcpolit.unr.edu.ar\/comision-liberatore\/wp-json\/wp\/v2\/posts\/95"}],"collection":[{"href":"https:\/\/redaccion1.fcpolit.unr.edu.ar\/comision-liberatore\/wp-json\/wp\/v2\/posts"}],"about":[{"href":"https:\/\/redaccion1.fcpolit.unr.edu.ar\/comision-liberatore\/wp-json\/wp\/v2\/types\/post"}],"author":[{"embeddable":true,"href":"https:\/\/redaccion1.fcpolit.unr.edu.ar\/comision-liberatore\/wp-json\/wp\/v2\/users\/19"}],"replies":[{"embeddable":true,"href":"https:\/\/redaccion1.fcpolit.unr.edu.ar\/comision-liberatore\/wp-json\/wp\/v2\/comments?post=95"}],"version-history":[{"count":0,"href":"https:\/\/redaccion1.fcpolit.unr.edu.ar\/comision-liberatore\/wp-json\/wp\/v2\/posts\/95\/revisions"}],"wp:attachment":[{"href":"https:\/\/redaccion1.fcpolit.unr.edu.ar\/comision-liberatore\/wp-json\/wp\/v2\/media?parent=95"}],"wp:term":[{"taxonomy":"category","embeddable":true,"href":"https:\/\/redaccion1.fcpolit.unr.edu.ar\/comision-liberatore\/wp-json\/wp\/v2\/categories?post=95"},{"taxonomy":"post_tag","embeddable":true,"href":"https:\/\/redaccion1.fcpolit.unr.edu.ar\/comision-liberatore\/wp-json\/wp\/v2\/tags?post=95"}],"curies":[{"name":"wp","href":"https:\/\/api.w.org\/{rel}","templated":true}]}}