{"id":922,"date":"2014-07-22T22:49:53","date_gmt":"2014-07-22T22:49:53","guid":{"rendered":"http:\/\/fcpolit.unr.edu.ar\/blogs\/redaccion1-liberatore\/?p=922"},"modified":"2014-07-22T22:49:53","modified_gmt":"2014-07-22T22:49:53","slug":"atencion-2","status":"publish","type":"post","link":"https:\/\/redaccion1.fcpolit.unr.edu.ar\/comision-liberatore\/2014\/07\/22\/atencion-2\/","title":{"rendered":"\u00a1ATENCI\u00d3N!"},"content":{"rendered":"<p><a href=\"https:\/\/blogs.fcpolit.unr.edu.ar\/redaccion1-liberatore\/files\/2014\/07\/atenci\u00f3n.jpg\"><img loading=\"lazy\" decoding=\"async\" class=\"alignleft size-thumbnail wp-image-923\" src=\"https:\/\/blogs.fcpolit.unr.edu.ar\/redaccion1-liberatore\/files\/2014\/07\/atenci\u00f3n-150x150.jpg\" alt=\"atenci\u00f3n\" width=\"150\" height=\"150\" \/><\/a><strong>Reencuentro: Examen parcial<\/strong><\/p>\n<p>Como ya fueron informados por medios oficiales y de acuerdo a lo acordado con Secretar\u00eda Acad\u00e9mica, el 1\u00b0Examen parcial de las comisiones de los d\u00edas mi\u00e9rcoles a las 17 y 19.30 hs., \u00a0ser\u00e1 el mi\u00e9rcoles 23 de julio.<\/p>\n<p>El temario es el mismo que acordamos antes de la suspensi\u00f3n de actividades: unidades 1 y 2.<\/p>\n<p>Habr\u00e1 un tiempo para consultas y organizaci\u00f3n de las actividades, previo al escrito.<\/p>\n<p>&nbsp;<\/p>\n","protected":false},"excerpt":{"rendered":"<p>Reencuentro: Examen parcial Como ya fueron informados por medios oficiales y de acuerdo a lo acordado con Secretar\u00eda Acad\u00e9mica, el 1\u00b0Examen parcial de las comisiones de los d\u00edas mi\u00e9rcoles a las 17 y 19.30 hs., \u00a0ser\u00e1 el mi\u00e9rcoles 23 de julio. El temario es el mismo que acordamos antes de la suspensi\u00f3n de actividades: unidades [&hellip;]<\/p>\n","protected":false},"author":16,"featured_media":0,"comment_status":"open","ping_status":"open","sticky":false,"template":"","format":"standard","meta":{"footnotes":""},"categories":[15,16],"tags":[],"_links":{"self":[{"href":"https:\/\/redaccion1.fcpolit.unr.edu.ar\/comision-liberatore\/wp-json\/wp\/v2\/posts\/922"}],"collection":[{"href":"https:\/\/redaccion1.fcpolit.unr.edu.ar\/comision-liberatore\/wp-json\/wp\/v2\/posts"}],"about":[{"href":"https:\/\/redaccion1.fcpolit.unr.edu.ar\/comision-liberatore\/wp-json\/wp\/v2\/types\/post"}],"author":[{"embeddable":true,"href":"https:\/\/redaccion1.fcpolit.unr.edu.ar\/comision-liberatore\/wp-json\/wp\/v2\/users\/16"}],"replies":[{"embeddable":true,"href":"https:\/\/redaccion1.fcpolit.unr.edu.ar\/comision-liberatore\/wp-json\/wp\/v2\/comments?post=922"}],"version-history":[{"count":0,"href":"https:\/\/redaccion1.fcpolit.unr.edu.ar\/comision-liberatore\/wp-json\/wp\/v2\/posts\/922\/revisions"}],"wp:attachment":[{"href":"https:\/\/redaccion1.fcpolit.unr.edu.ar\/comision-liberatore\/wp-json\/wp\/v2\/media?parent=922"}],"wp:term":[{"taxonomy":"category","embeddable":true,"href":"https:\/\/redaccion1.fcpolit.unr.edu.ar\/comision-liberatore\/wp-json\/wp\/v2\/categories?post=922"},{"taxonomy":"post_tag","embeddable":true,"href":"https:\/\/redaccion1.fcpolit.unr.edu.ar\/comision-liberatore\/wp-json\/wp\/v2\/tags?post=922"}],"curies":[{"name":"wp","href":"https:\/\/api.w.org\/{rel}","templated":true}]}}