{"id":855,"date":"2014-04-20T15:03:53","date_gmt":"2014-04-20T15:03:53","guid":{"rendered":"http:\/\/fcpolit.unr.edu.ar\/blogs\/redaccion1-liberatore\/?p=855"},"modified":"2014-04-20T15:03:53","modified_gmt":"2014-04-20T15:03:53","slug":"2do-encuentro","status":"publish","type":"post","link":"https:\/\/redaccion1.fcpolit.unr.edu.ar\/comision-liberatore\/2014\/04\/20\/2do-encuentro\/","title":{"rendered":"2do Encuentro"},"content":{"rendered":"<p>Los vaivenes de la realidad nos obligan a desplegar creatividad para el trabajo y el entretenimiento. En nuestro \u00faltimo encuentro, estuvimos revisando las lecturas por placer, la teor\u00eda propuesta y reflexionando sobre la pr\u00e1ctica. Para el siguiente mi\u00e9rcoles les dejamos otros caminos obligados, pero les recordamos, la importancia de la lectura interesada y comprometida:<\/p>\n<p><strong>Teor\u00eda:<\/strong> <a href=\"https:\/\/blogs.fcpolit.unr.edu.ar\/programa\/2003\/04\/05\/la-escritura-como-proceso-cognitivo-y-comunicativo-t-base-3\/\">La escritura como proceso cognitivo y comunicativo<\/a><\/p>\n<p><a href=\"https:\/\/blogs.fcpolit.unr.edu.ar\/programa\/2003\/04\/05\/un-modelo-teorico-para-entender-el-mundo-del-escritor-t-base-4\/\">Un modelo te\u00f3rico para entender el mundo del escritor<\/a><\/p>\n<p><strong>Trabajo Pr\u00e1ctico<\/strong>:<a href=\"https:\/\/blogs.fcpolit.unr.edu.ar\/programa\/2008\/03\/16\/escritores\/\"> Escritores<\/a><\/p>\n","protected":false},"excerpt":{"rendered":"<p>Los vaivenes de la realidad nos obligan a desplegar creatividad para el trabajo y el entretenimiento. En nuestro \u00faltimo encuentro, estuvimos revisando las lecturas por placer, la teor\u00eda propuesta y reflexionando sobre la pr\u00e1ctica. Para el siguiente mi\u00e9rcoles les dejamos otros caminos obligados, pero les recordamos, la importancia de la lectura interesada y comprometida: Teor\u00eda: [&hellip;]<\/p>\n","protected":false},"author":16,"featured_media":0,"comment_status":"open","ping_status":"open","sticky":false,"template":"","format":"standard","meta":{"footnotes":""},"categories":[15,16,1],"tags":[],"_links":{"self":[{"href":"https:\/\/redaccion1.fcpolit.unr.edu.ar\/comision-liberatore\/wp-json\/wp\/v2\/posts\/855"}],"collection":[{"href":"https:\/\/redaccion1.fcpolit.unr.edu.ar\/comision-liberatore\/wp-json\/wp\/v2\/posts"}],"about":[{"href":"https:\/\/redaccion1.fcpolit.unr.edu.ar\/comision-liberatore\/wp-json\/wp\/v2\/types\/post"}],"author":[{"embeddable":true,"href":"https:\/\/redaccion1.fcpolit.unr.edu.ar\/comision-liberatore\/wp-json\/wp\/v2\/users\/16"}],"replies":[{"embeddable":true,"href":"https:\/\/redaccion1.fcpolit.unr.edu.ar\/comision-liberatore\/wp-json\/wp\/v2\/comments?post=855"}],"version-history":[{"count":0,"href":"https:\/\/redaccion1.fcpolit.unr.edu.ar\/comision-liberatore\/wp-json\/wp\/v2\/posts\/855\/revisions"}],"wp:attachment":[{"href":"https:\/\/redaccion1.fcpolit.unr.edu.ar\/comision-liberatore\/wp-json\/wp\/v2\/media?parent=855"}],"wp:term":[{"taxonomy":"category","embeddable":true,"href":"https:\/\/redaccion1.fcpolit.unr.edu.ar\/comision-liberatore\/wp-json\/wp\/v2\/categories?post=855"},{"taxonomy":"post_tag","embeddable":true,"href":"https:\/\/redaccion1.fcpolit.unr.edu.ar\/comision-liberatore\/wp-json\/wp\/v2\/tags?post=855"}],"curies":[{"name":"wp","href":"https:\/\/api.w.org\/{rel}","templated":true}]}}