{"id":834,"date":"2014-04-08T00:21:26","date_gmt":"2014-04-08T00:21:26","guid":{"rendered":"http:\/\/fcpolit.unr.edu.ar\/blogs\/redaccion1-liberatore\/?p=834"},"modified":"2014-04-08T00:21:26","modified_gmt":"2014-04-08T00:21:26","slug":"bienvenida-redaccion-2014","status":"publish","type":"post","link":"https:\/\/redaccion1.fcpolit.unr.edu.ar\/comision-liberatore\/2014\/04\/08\/bienvenida-redaccion-2014\/","title":{"rendered":"Bienvenida Redacci\u00f3n 2014"},"content":{"rendered":"<p><b><br \/>\n<a href=\"https:\/\/blogs.fcpolit.unr.edu.ar\/redaccion1-liberatore\/files\/2014\/04\/Gala.jpg\"><img loading=\"lazy\" decoding=\"async\" class=\"alignleft size-thumbnail wp-image-851\" alt=\"Gala\" src=\"https:\/\/blogs.fcpolit.unr.edu.ar\/redaccion1-liberatore\/files\/2014\/04\/Gala-150x150.jpg\" width=\"150\" height=\"150\" \/><\/a>Gala DK<br \/>\n<\/b><br \/>\nCada uno llega a la carrera de Comunicaci\u00f3n Social seducido por distintos aspectos. Lo cual no significa que le atraigan todas las caracter\u00edsticas, o en este caso, todas las materias que ofrece la curricula. No es cualidad excluyente, para ser Comunicador Social, que les guste escribir o leer, pero s\u00ed es fundamental que un Comunicador sepa transmitir ideas de forma escrita.<!--more--><br \/>\nRedacci\u00f3n 1 podr\u00e1 ser una de las materias que m\u00e1s disfruten del primer a\u00f1o, o podr\u00e1 ser una obligaci\u00f3n m\u00e1s en la sucesi\u00f3n de compromisos que adopten. Algunos tendr\u00e1n definido que lo suyo no va a ir por el lado de la escritura y dir\u00e1n \u201ca m\u00ed esto no me interesa\u201d. Otros sin rumbo concreto a\u00fan, se asustar\u00e1n al ver que no les atrae el contenido de la materia y se creer\u00e1n perdidos por un ratito. A ambos, les digo: Comunicaci\u00f3n no es s\u00f3lo escritura, lectura y periodismo (que ser\u00e1 lo que abordaremos este a\u00f1o). Comunicaci\u00f3n Social es lo que ustedes quieran hacer de ella, siempre y cuando sepan aplicarla. Y saber aplicarla es saber escribirla.<\/p>\n<p>Lleven adelante la materia como m\u00e1s les guste: Disfrut\u00e1ndola porque es af\u00edn a ustedes, o cumpliendo con ella porque es un paso que hay que dar para seguir avanzando. Pero no dejen de aprovecharla.<\/p>\n<p>Ahora s\u00ed, \u00a1bienvenidos!<\/p>\n","protected":false},"excerpt":{"rendered":"<p>Gala DK Cada uno llega a la carrera de Comunicaci\u00f3n Social seducido por distintos aspectos. Lo cual no significa que le atraigan todas las caracter\u00edsticas, o en este caso, todas las materias que ofrece la curricula. No es cualidad excluyente, para ser Comunicador Social, que les guste escribir o leer, pero s\u00ed es fundamental que [&hellip;]<\/p>\n","protected":false},"author":16,"featured_media":0,"comment_status":"open","ping_status":"open","sticky":false,"template":"","format":"standard","meta":{"footnotes":""},"categories":[15,16],"tags":[],"_links":{"self":[{"href":"https:\/\/redaccion1.fcpolit.unr.edu.ar\/comision-liberatore\/wp-json\/wp\/v2\/posts\/834"}],"collection":[{"href":"https:\/\/redaccion1.fcpolit.unr.edu.ar\/comision-liberatore\/wp-json\/wp\/v2\/posts"}],"about":[{"href":"https:\/\/redaccion1.fcpolit.unr.edu.ar\/comision-liberatore\/wp-json\/wp\/v2\/types\/post"}],"author":[{"embeddable":true,"href":"https:\/\/redaccion1.fcpolit.unr.edu.ar\/comision-liberatore\/wp-json\/wp\/v2\/users\/16"}],"replies":[{"embeddable":true,"href":"https:\/\/redaccion1.fcpolit.unr.edu.ar\/comision-liberatore\/wp-json\/wp\/v2\/comments?post=834"}],"version-history":[{"count":0,"href":"https:\/\/redaccion1.fcpolit.unr.edu.ar\/comision-liberatore\/wp-json\/wp\/v2\/posts\/834\/revisions"}],"wp:attachment":[{"href":"https:\/\/redaccion1.fcpolit.unr.edu.ar\/comision-liberatore\/wp-json\/wp\/v2\/media?parent=834"}],"wp:term":[{"taxonomy":"category","embeddable":true,"href":"https:\/\/redaccion1.fcpolit.unr.edu.ar\/comision-liberatore\/wp-json\/wp\/v2\/categories?post=834"},{"taxonomy":"post_tag","embeddable":true,"href":"https:\/\/redaccion1.fcpolit.unr.edu.ar\/comision-liberatore\/wp-json\/wp\/v2\/tags?post=834"}],"curies":[{"name":"wp","href":"https:\/\/api.w.org\/{rel}","templated":true}]}}