{"id":81,"date":"2008-04-09T09:48:34","date_gmt":"2008-04-09T09:48:34","guid":{"rendered":"http:\/\/fcpolit.unr.edu.ar\/blogs\/redaccion1-liberatore\/2008\/04\/09\/bienvenida-2008\/"},"modified":"2008-04-09T09:48:34","modified_gmt":"2008-04-09T09:48:34","slug":"bienvenida-2008","status":"publish","type":"post","link":"https:\/\/redaccion1.fcpolit.unr.edu.ar\/comision-liberatore\/2008\/04\/09\/bienvenida-2008\/","title":{"rendered":"\u00a1 BIENVENIDA 2008 !"},"content":{"rendered":"<p><img loading=\"lazy\" decoding=\"async\" alt=\"bievenida.jpg\" src=\"http:\/\/www.bdp.org.ar\/facultad\/catedras\/comsoc\/redaccion1\/liberatore\/bievenida.jpg\" width=\"122\" height=\"108\" \/><br \/>\n\u00a1 Hola a los cursantes de Redacci\u00f3n en las comisiones de las 17 y 20 hs de los d\u00edas mi\u00e9rcoles !<br \/>\nAqu\u00ed estaremos llueve o truene, conectados, comunicados, relacionados y encontr\u00e1ndonos semana a semana para trabajar en la C\u00e1tedra de Redacci\u00f3n.<br \/>\nEste es nuestro espacio, el de todos los que formamos de la c\u00e1tedra, los invitamos a integrarse y ser parte de una experiencia acad\u00e9mica que los tiene como protagonistas.<br \/>\n\u00a1 A trabajar!<br \/>\nAna, Laura, Eleonora, Pamela y An\u00edbal.<\/p>\n","protected":false},"excerpt":{"rendered":"<p>\u00a1 Hola a los cursantes de Redacci\u00f3n en las comisiones de las 17 y 20 hs de los d\u00edas mi\u00e9rcoles ! Aqu\u00ed estaremos llueve o truene, conectados, comunicados, relacionados y encontr\u00e1ndonos semana a semana para trabajar en la C\u00e1tedra de Redacci\u00f3n. Este es nuestro espacio, el de todos los que formamos de la c\u00e1tedra, los [&hellip;]<\/p>\n","protected":false},"author":19,"featured_media":0,"comment_status":"open","ping_status":"closed","sticky":false,"template":"","format":"standard","meta":{"footnotes":""},"categories":[3],"tags":[],"_links":{"self":[{"href":"https:\/\/redaccion1.fcpolit.unr.edu.ar\/comision-liberatore\/wp-json\/wp\/v2\/posts\/81"}],"collection":[{"href":"https:\/\/redaccion1.fcpolit.unr.edu.ar\/comision-liberatore\/wp-json\/wp\/v2\/posts"}],"about":[{"href":"https:\/\/redaccion1.fcpolit.unr.edu.ar\/comision-liberatore\/wp-json\/wp\/v2\/types\/post"}],"author":[{"embeddable":true,"href":"https:\/\/redaccion1.fcpolit.unr.edu.ar\/comision-liberatore\/wp-json\/wp\/v2\/users\/19"}],"replies":[{"embeddable":true,"href":"https:\/\/redaccion1.fcpolit.unr.edu.ar\/comision-liberatore\/wp-json\/wp\/v2\/comments?post=81"}],"version-history":[{"count":0,"href":"https:\/\/redaccion1.fcpolit.unr.edu.ar\/comision-liberatore\/wp-json\/wp\/v2\/posts\/81\/revisions"}],"wp:attachment":[{"href":"https:\/\/redaccion1.fcpolit.unr.edu.ar\/comision-liberatore\/wp-json\/wp\/v2\/media?parent=81"}],"wp:term":[{"taxonomy":"category","embeddable":true,"href":"https:\/\/redaccion1.fcpolit.unr.edu.ar\/comision-liberatore\/wp-json\/wp\/v2\/categories?post=81"},{"taxonomy":"post_tag","embeddable":true,"href":"https:\/\/redaccion1.fcpolit.unr.edu.ar\/comision-liberatore\/wp-json\/wp\/v2\/tags?post=81"}],"curies":[{"name":"wp","href":"https:\/\/api.w.org\/{rel}","templated":true}]}}