{"id":761,"date":"2013-10-07T00:47:31","date_gmt":"2013-10-07T00:47:31","guid":{"rendered":"http:\/\/fcpolit.unr.edu.ar\/blogs\/redaccion1-liberatore\/?p=761"},"modified":"2013-10-07T00:47:31","modified_gmt":"2013-10-07T00:47:31","slug":"1-miercoles-de-octubre-ambas-comisiones","status":"publish","type":"post","link":"https:\/\/redaccion1.fcpolit.unr.edu.ar\/comision-liberatore\/2013\/10\/07\/1-miercoles-de-octubre-ambas-comisiones\/","title":{"rendered":"1\u00b0 mi\u00e9rcoles de octubre. Ambas comisiones."},"content":{"rendered":"<p>Comenzamos el mes con la unidad N\u00b06: Narrar y contar. Este nuevo recorrido en Redacci\u00f3n 1, incluye escala por superestructuras que nos recuerdan la infancia contada por abuelos, los cuentos; o descriptivas cr\u00f3nicas de viajes como las primeras narraciones publicadas para el p\u00fablico en general; o novelas; o un largo etc. Es una unidad con interesantes postas, que nos permitir\u00e1n llegar a apropiarnos de una dimensi\u00f3n del discurso imprescindible y constitutiva de nuestro pensamiento.<\/p>\n<p>Para el pr\u00f3ximo encuentro, realicen el T.P. &#8220;Todos teneos algo para contar&#8221; y estudien los textos bases y fuentes 3 y 4.<\/p>\n<p>&nbsp;<\/p>\n<p>Seguimos en contacto&#8230;&#8230;&#8230;&#8230;&#8230;<\/p>\n","protected":false},"excerpt":{"rendered":"<p>Comenzamos el mes con la unidad N\u00b06: Narrar y contar. Este nuevo recorrido en Redacci\u00f3n 1, incluye escala por superestructuras que nos recuerdan la infancia contada por abuelos, los cuentos; o descriptivas cr\u00f3nicas de viajes como las primeras narraciones publicadas para el p\u00fablico en general; o novelas; o un largo etc. Es una unidad con [&hellip;]<\/p>\n","protected":false},"author":16,"featured_media":0,"comment_status":"open","ping_status":"open","sticky":false,"template":"","format":"standard","meta":{"footnotes":""},"categories":[8,3],"tags":[],"_links":{"self":[{"href":"https:\/\/redaccion1.fcpolit.unr.edu.ar\/comision-liberatore\/wp-json\/wp\/v2\/posts\/761"}],"collection":[{"href":"https:\/\/redaccion1.fcpolit.unr.edu.ar\/comision-liberatore\/wp-json\/wp\/v2\/posts"}],"about":[{"href":"https:\/\/redaccion1.fcpolit.unr.edu.ar\/comision-liberatore\/wp-json\/wp\/v2\/types\/post"}],"author":[{"embeddable":true,"href":"https:\/\/redaccion1.fcpolit.unr.edu.ar\/comision-liberatore\/wp-json\/wp\/v2\/users\/16"}],"replies":[{"embeddable":true,"href":"https:\/\/redaccion1.fcpolit.unr.edu.ar\/comision-liberatore\/wp-json\/wp\/v2\/comments?post=761"}],"version-history":[{"count":0,"href":"https:\/\/redaccion1.fcpolit.unr.edu.ar\/comision-liberatore\/wp-json\/wp\/v2\/posts\/761\/revisions"}],"wp:attachment":[{"href":"https:\/\/redaccion1.fcpolit.unr.edu.ar\/comision-liberatore\/wp-json\/wp\/v2\/media?parent=761"}],"wp:term":[{"taxonomy":"category","embeddable":true,"href":"https:\/\/redaccion1.fcpolit.unr.edu.ar\/comision-liberatore\/wp-json\/wp\/v2\/categories?post=761"},{"taxonomy":"post_tag","embeddable":true,"href":"https:\/\/redaccion1.fcpolit.unr.edu.ar\/comision-liberatore\/wp-json\/wp\/v2\/tags?post=761"}],"curies":[{"name":"wp","href":"https:\/\/api.w.org\/{rel}","templated":true}]}}