{"id":73,"date":"2007-10-05T09:36:07","date_gmt":"2007-10-05T09:36:07","guid":{"rendered":"http:\/\/fcpolit.unr.edu.ar\/blogs\/redaccion1-liberatore\/2007\/10\/05\/en-vispera-de-examen\/"},"modified":"2007-10-05T09:36:07","modified_gmt":"2007-10-05T09:36:07","slug":"en-vispera-de-examen","status":"publish","type":"post","link":"https:\/\/redaccion1.fcpolit.unr.edu.ar\/comision-liberatore\/2007\/10\/05\/en-vispera-de-examen\/","title":{"rendered":"En v\u00edspera de examen"},"content":{"rendered":"<p>Por Angelina Pedemonte<br \/>\nEn el d\u00eda de ayer, la clase de Redacci\u00f3n I fue dedicada al tratamiento de la unidad seis, a cargo de la licenciada Ana Laura Liberatore y acompa\u00f1ada por los ayudantes de c\u00e1tedra Anibal y Eleonora.<br \/>\nLuego del esperado temporal, una minor\u00eda de alumnos asisti\u00f3 al taller de Redacci\u00f3n. Pasadas las 20 horas, la profesora comenz\u00f3 a explicar la pr\u00e1ctica de la narraci\u00f3n, que ya hab\u00eda tenido su introducci\u00f3n el d\u00eda 26 de septiembre. La clase se desarrollo a partir del dialogo entre todos, tanto de los profesores como de los alumnos, esto dio lugar a variados comentarios sobre el tema.<br \/>\nLlegando a la mitad de la hora, se plantearon dos actividades correspondientes a dicha unidad, \u201cNoticia propia\u201d y \u201cUn relato sobre el miedo\u201d, que no tuvieron lugar, ya que, a minutos de dictadas las consignas, la profesora record\u00f3 el examen de la pr\u00f3xima semana. Por tanto, se dedic\u00f3 el tiempo restante a evacuar las dudas de los alumnos sobre las unidades tres, cuatro y cinco, acompa\u00f1ados de comentarios, toques de humor y hasta recomendaci\u00f3n de pel\u00edculas.<\/p>\n","protected":false},"excerpt":{"rendered":"<p>Por Angelina Pedemonte En el d\u00eda de ayer, la clase de Redacci\u00f3n I fue dedicada al tratamiento de la unidad seis, a cargo de la licenciada Ana Laura Liberatore y acompa\u00f1ada por los ayudantes de c\u00e1tedra Anibal y Eleonora. Luego del esperado temporal, una minor\u00eda de alumnos asisti\u00f3 al taller de Redacci\u00f3n. Pasadas las 20 [&hellip;]<\/p>\n","protected":false},"author":19,"featured_media":0,"comment_status":"open","ping_status":"closed","sticky":false,"template":"","format":"standard","meta":{"footnotes":""},"categories":[4],"tags":[],"_links":{"self":[{"href":"https:\/\/redaccion1.fcpolit.unr.edu.ar\/comision-liberatore\/wp-json\/wp\/v2\/posts\/73"}],"collection":[{"href":"https:\/\/redaccion1.fcpolit.unr.edu.ar\/comision-liberatore\/wp-json\/wp\/v2\/posts"}],"about":[{"href":"https:\/\/redaccion1.fcpolit.unr.edu.ar\/comision-liberatore\/wp-json\/wp\/v2\/types\/post"}],"author":[{"embeddable":true,"href":"https:\/\/redaccion1.fcpolit.unr.edu.ar\/comision-liberatore\/wp-json\/wp\/v2\/users\/19"}],"replies":[{"embeddable":true,"href":"https:\/\/redaccion1.fcpolit.unr.edu.ar\/comision-liberatore\/wp-json\/wp\/v2\/comments?post=73"}],"version-history":[{"count":0,"href":"https:\/\/redaccion1.fcpolit.unr.edu.ar\/comision-liberatore\/wp-json\/wp\/v2\/posts\/73\/revisions"}],"wp:attachment":[{"href":"https:\/\/redaccion1.fcpolit.unr.edu.ar\/comision-liberatore\/wp-json\/wp\/v2\/media?parent=73"}],"wp:term":[{"taxonomy":"category","embeddable":true,"href":"https:\/\/redaccion1.fcpolit.unr.edu.ar\/comision-liberatore\/wp-json\/wp\/v2\/categories?post=73"},{"taxonomy":"post_tag","embeddable":true,"href":"https:\/\/redaccion1.fcpolit.unr.edu.ar\/comision-liberatore\/wp-json\/wp\/v2\/tags?post=73"}],"curies":[{"name":"wp","href":"https:\/\/api.w.org\/{rel}","templated":true}]}}