{"id":71,"date":"2007-10-05T09:24:32","date_gmt":"2007-10-05T09:24:32","guid":{"rendered":"http:\/\/fcpolit.unr.edu.ar\/blogs\/redaccion1-liberatore\/2007\/10\/05\/pomberitos-en-el-aula\/"},"modified":"2007-10-05T09:24:32","modified_gmt":"2007-10-05T09:24:32","slug":"pomberitos-en-el-aula","status":"publish","type":"post","link":"https:\/\/redaccion1.fcpolit.unr.edu.ar\/comision-liberatore\/2007\/10\/05\/pomberitos-en-el-aula\/","title":{"rendered":"\u2018POMBERITOS\u2019 EN EL AULA"},"content":{"rendered":"<p>Por Alejandro Arce<br \/>\nFue uno de los cuentos que m\u00e1s atrap\u00f3 la atenci\u00f3n.La clase de \u2018Redacci\u00f3n 1\u2019, cargada de cuentos e historias<br \/>\nLa clase de Redacci\u00f3n 1 de ayer, fue una de la m\u00e1s rica en comentarios y cuentos, que hac\u00edan referencia a la narratividad. El cuento del \u201cPomberito\u201d, los de Horacio Quiroga y las pel\u00edculas italianas, entre otros, hicieron que la clase se llenaran de alegr\u00eda y risas ir\u00f3nicas. A su vez, los escasos alumnos que asistieron no quedaron exentos de explicaciones conceptuales que la profesora brind\u00f3 ante la aproximaci\u00f3n del segundo parcial.<br \/>\nComo en cada oportunidad, la Lic. Ana Liberatore comenz\u00f3 su clase, cerca de las 20 horas, con su particular y cari\u00f1oso saludo hacia los alumnos. La misma record\u00f3 a los alumnos que \u201cla pr\u00f3xima semana es el segundo parcial\u201d y, al finalizar la clase, reajust\u00f3 algunos conceptos a pedido de algunos estudiantes, referidos a textos trabajados en clase.<br \/>\nAunque la primera hora estuvo llena de interrupciones (chicos hablando en los pasillos, otros que saludaban desde las ventanas, un se\u00f1or que golpe\u00f3 las paredes, etc.), no dificult\u00f3 el desarrollo de la clase, tampoco se perdi\u00f3 la atenci\u00f3n de los interesados.<br \/>\nLo m\u00e1s atrapante de todo estaba encuadrado en los ejemplos de narrativas que los alumnos aportaron. Uno de los alumnos realiz\u00f3 un comentario sobre el cuento del \u2018Pomberito\u2019, que en su infancia un abuelo le contaba para que duerma la siesta, del cual todos se rieron, incluso  Ana y sus respectivos ayudantes de c\u00e1tedras. Luego, otro aport\u00f3 que hab\u00eda le\u00eddo \u201cUna serie de cuentos desafortunados\u201d, de Horacio Quiroga, y sus experiencias como lector de historias llena de sadismo y crueldad. Por \u00faltimo, una rubia de ojos claros demostr\u00f3, llena de entusiasmo, su fanatismo por las pel\u00edculas italianas. Culminando los comentarios, la \u2018profe\u2019 agreg\u00f3 que admiraba las pel\u00edculas francesas.<br \/>\nCon su particular estrategia de comunicaci\u00f3n verbal y no verbal, la profesora termin\u00f3 la clase,  despidiendo y deseando suerte en el pr\u00f3ximo examen.<\/p>\n","protected":false},"excerpt":{"rendered":"<p>Por Alejandro Arce Fue uno de los cuentos que m\u00e1s atrap\u00f3 la atenci\u00f3n.La clase de \u2018Redacci\u00f3n 1\u2019, cargada de cuentos e historias La clase de Redacci\u00f3n 1 de ayer, fue una de la m\u00e1s rica en comentarios y cuentos, que hac\u00edan referencia a la narratividad. El cuento del \u201cPomberito\u201d, los de Horacio Quiroga y las [&hellip;]<\/p>\n","protected":false},"author":19,"featured_media":0,"comment_status":"open","ping_status":"closed","sticky":false,"template":"","format":"standard","meta":{"footnotes":""},"categories":[4],"tags":[],"_links":{"self":[{"href":"https:\/\/redaccion1.fcpolit.unr.edu.ar\/comision-liberatore\/wp-json\/wp\/v2\/posts\/71"}],"collection":[{"href":"https:\/\/redaccion1.fcpolit.unr.edu.ar\/comision-liberatore\/wp-json\/wp\/v2\/posts"}],"about":[{"href":"https:\/\/redaccion1.fcpolit.unr.edu.ar\/comision-liberatore\/wp-json\/wp\/v2\/types\/post"}],"author":[{"embeddable":true,"href":"https:\/\/redaccion1.fcpolit.unr.edu.ar\/comision-liberatore\/wp-json\/wp\/v2\/users\/19"}],"replies":[{"embeddable":true,"href":"https:\/\/redaccion1.fcpolit.unr.edu.ar\/comision-liberatore\/wp-json\/wp\/v2\/comments?post=71"}],"version-history":[{"count":0,"href":"https:\/\/redaccion1.fcpolit.unr.edu.ar\/comision-liberatore\/wp-json\/wp\/v2\/posts\/71\/revisions"}],"wp:attachment":[{"href":"https:\/\/redaccion1.fcpolit.unr.edu.ar\/comision-liberatore\/wp-json\/wp\/v2\/media?parent=71"}],"wp:term":[{"taxonomy":"category","embeddable":true,"href":"https:\/\/redaccion1.fcpolit.unr.edu.ar\/comision-liberatore\/wp-json\/wp\/v2\/categories?post=71"},{"taxonomy":"post_tag","embeddable":true,"href":"https:\/\/redaccion1.fcpolit.unr.edu.ar\/comision-liberatore\/wp-json\/wp\/v2\/tags?post=71"}],"curies":[{"name":"wp","href":"https:\/\/api.w.org\/{rel}","templated":true}]}}