{"id":70,"date":"2007-09-27T18:57:22","date_gmt":"2007-09-27T18:57:22","guid":{"rendered":"http:\/\/fcpolit.unr.edu.ar\/blogs\/redaccion1-liberatore\/2007\/09\/27\/noticias-en-redaccion-2\/"},"modified":"2007-09-27T18:57:22","modified_gmt":"2007-09-27T18:57:22","slug":"noticias-en-redaccion-2","status":"publish","type":"post","link":"https:\/\/redaccion1.fcpolit.unr.edu.ar\/comision-liberatore\/2007\/09\/27\/noticias-en-redaccion-2\/","title":{"rendered":"Noticias en redacci\u00f3n"},"content":{"rendered":"<p>Por Santiago Saigo<br \/>\nEn el d\u00eda de ayer, pasadas las 20 hs, se llev\u00f3 a cabo una vez m\u00e1s el taller de redacci\u00f3n 1 a cargo de la profesora Ana Laura liberatore, con sus respectivos ayudantes, Eleonora y Anibal.<br \/>\nNo bien ingresaron los alumnos al aula, la docente a cargo los salud\u00f3 e inform\u00f3 que deb\u00eda ausentarse unos minutos .<br \/>\nCuando se reincorpor\u00f3 a la clase, esper\u00f3 a que los alumnos se acomodaran en sus computadoras para comenzar con la primera actividad de la noche. Dicha actividad consisti\u00f3 en responder a una serie de preguntas relacionadas con los diarios, tanto digitales como impresos.<br \/>\nTerminada dicha actividad, Ana desarroll\u00f3 junto a los alumnos el tratamiento de la unidad 6 referente a la narraci\u00f3n como una de las grandes tendencias para la elaboraci\u00f3n de los textos.<br \/>\nAdem\u00e1s, fue de  importancia para los alumnos enterarse de la fecha del 2\u00ba parcial, anunciado para el d\u00eda 10 de octubre. M\u00faltiples y variados fueron los gestos de los estudiantes.<br \/>\nEn relaci\u00f3n a la unidad 6, los alumnos realizaron una actividad, que en la mayor\u00eda de los casos, debido a la falta de tiempo, no alcanzaron a terminar. As\u00ed, la clase se dio por finalizada y el pr\u00f3ximo encuentro ser\u00e1, si nada sale mal, el d\u00eda 3 de octubre.<\/p>\n","protected":false},"excerpt":{"rendered":"<p>Por Santiago Saigo En el d\u00eda de ayer, pasadas las 20 hs, se llev\u00f3 a cabo una vez m\u00e1s el taller de redacci\u00f3n 1 a cargo de la profesora Ana Laura liberatore, con sus respectivos ayudantes, Eleonora y Anibal. No bien ingresaron los alumnos al aula, la docente a cargo los salud\u00f3 e inform\u00f3 que [&hellip;]<\/p>\n","protected":false},"author":19,"featured_media":0,"comment_status":"open","ping_status":"closed","sticky":false,"template":"","format":"standard","meta":{"footnotes":""},"categories":[4],"tags":[],"_links":{"self":[{"href":"https:\/\/redaccion1.fcpolit.unr.edu.ar\/comision-liberatore\/wp-json\/wp\/v2\/posts\/70"}],"collection":[{"href":"https:\/\/redaccion1.fcpolit.unr.edu.ar\/comision-liberatore\/wp-json\/wp\/v2\/posts"}],"about":[{"href":"https:\/\/redaccion1.fcpolit.unr.edu.ar\/comision-liberatore\/wp-json\/wp\/v2\/types\/post"}],"author":[{"embeddable":true,"href":"https:\/\/redaccion1.fcpolit.unr.edu.ar\/comision-liberatore\/wp-json\/wp\/v2\/users\/19"}],"replies":[{"embeddable":true,"href":"https:\/\/redaccion1.fcpolit.unr.edu.ar\/comision-liberatore\/wp-json\/wp\/v2\/comments?post=70"}],"version-history":[{"count":0,"href":"https:\/\/redaccion1.fcpolit.unr.edu.ar\/comision-liberatore\/wp-json\/wp\/v2\/posts\/70\/revisions"}],"wp:attachment":[{"href":"https:\/\/redaccion1.fcpolit.unr.edu.ar\/comision-liberatore\/wp-json\/wp\/v2\/media?parent=70"}],"wp:term":[{"taxonomy":"category","embeddable":true,"href":"https:\/\/redaccion1.fcpolit.unr.edu.ar\/comision-liberatore\/wp-json\/wp\/v2\/categories?post=70"},{"taxonomy":"post_tag","embeddable":true,"href":"https:\/\/redaccion1.fcpolit.unr.edu.ar\/comision-liberatore\/wp-json\/wp\/v2\/tags?post=70"}],"curies":[{"name":"wp","href":"https:\/\/api.w.org\/{rel}","templated":true}]}}