{"id":695,"date":"2013-08-24T14:24:08","date_gmt":"2013-08-24T14:24:08","guid":{"rendered":"http:\/\/fcpolit.unr.edu.ar\/blogs\/redaccion1-liberatore\/?p=695"},"modified":"2013-08-24T14:24:08","modified_gmt":"2013-08-24T14:24:08","slug":"atencion-ambas-comisiones-2","status":"publish","type":"post","link":"https:\/\/redaccion1.fcpolit.unr.edu.ar\/comision-liberatore\/2013\/08\/24\/atencion-ambas-comisiones-2\/","title":{"rendered":"ATENCI\u00d3N. Ambas comisiones"},"content":{"rendered":"<p>Estimados alumnos:<\/p>\n<p>Est\u00e1 confirmada la fecha para el 2\u00b0 examen parcial, ser\u00e1 el mi\u00e9rcoles 18 de septiembre.<\/p>\n<p>Con motivo del\u00a0<b>3\u00ba Congreso Internacional de Comunicaci\u00f3n P\u00fablica de la Ciencia (COPUCI 2013)<\/b>, se suspenden las clases del d\u00eda 11.<\/p>\n<p>\u00a1A leer, estudiar y redactar!<\/p>\n","protected":false},"excerpt":{"rendered":"<p>Estimados alumnos: Est\u00e1 confirmada la fecha para el 2\u00b0 examen parcial, ser\u00e1 el mi\u00e9rcoles 18 de septiembre. Con motivo del\u00a03\u00ba Congreso Internacional de Comunicaci\u00f3n P\u00fablica de la Ciencia (COPUCI 2013), se suspenden las clases del d\u00eda 11. \u00a1A leer, estudiar y redactar!<\/p>\n","protected":false},"author":16,"featured_media":0,"comment_status":"open","ping_status":"open","sticky":false,"template":"","format":"standard","meta":{"footnotes":""},"categories":[8,3],"tags":[],"_links":{"self":[{"href":"https:\/\/redaccion1.fcpolit.unr.edu.ar\/comision-liberatore\/wp-json\/wp\/v2\/posts\/695"}],"collection":[{"href":"https:\/\/redaccion1.fcpolit.unr.edu.ar\/comision-liberatore\/wp-json\/wp\/v2\/posts"}],"about":[{"href":"https:\/\/redaccion1.fcpolit.unr.edu.ar\/comision-liberatore\/wp-json\/wp\/v2\/types\/post"}],"author":[{"embeddable":true,"href":"https:\/\/redaccion1.fcpolit.unr.edu.ar\/comision-liberatore\/wp-json\/wp\/v2\/users\/16"}],"replies":[{"embeddable":true,"href":"https:\/\/redaccion1.fcpolit.unr.edu.ar\/comision-liberatore\/wp-json\/wp\/v2\/comments?post=695"}],"version-history":[{"count":0,"href":"https:\/\/redaccion1.fcpolit.unr.edu.ar\/comision-liberatore\/wp-json\/wp\/v2\/posts\/695\/revisions"}],"wp:attachment":[{"href":"https:\/\/redaccion1.fcpolit.unr.edu.ar\/comision-liberatore\/wp-json\/wp\/v2\/media?parent=695"}],"wp:term":[{"taxonomy":"category","embeddable":true,"href":"https:\/\/redaccion1.fcpolit.unr.edu.ar\/comision-liberatore\/wp-json\/wp\/v2\/categories?post=695"},{"taxonomy":"post_tag","embeddable":true,"href":"https:\/\/redaccion1.fcpolit.unr.edu.ar\/comision-liberatore\/wp-json\/wp\/v2\/tags?post=695"}],"curies":[{"name":"wp","href":"https:\/\/api.w.org\/{rel}","templated":true}]}}