{"id":672,"date":"2013-08-15T14:23:46","date_gmt":"2013-08-15T14:23:46","guid":{"rendered":"http:\/\/fcpolit.unr.edu.ar\/blogs\/redaccion1-liberatore\/?p=672"},"modified":"2013-08-15T14:23:46","modified_gmt":"2013-08-15T14:23:46","slug":"vivencias","status":"publish","type":"post","link":"https:\/\/redaccion1.fcpolit.unr.edu.ar\/comision-liberatore\/2013\/08\/15\/vivencias\/","title":{"rendered":"Vivencias."},"content":{"rendered":"<p style=\"text-align: left\" align=\"center\">Por Guillermina Durando<\/p>\n<p align=\"center\"><strong>Pesado sacud\u00f3n<\/strong><\/p>\n<p>El 6 de agosto me despert\u00f3 la explosi\u00f3n de calle Salta. Un temblor seguido de un estruendo, nunca antes sentido, me hizo saltar de la cama. Sin saber muy bien lo que estaba pasando, al levantar la persiana de mi habitaci\u00f3n, vi el hongo de humo marr\u00f3n que se formaba enfrente de m\u00ed. Comenc\u00e9 a temblar.<!--more--><\/p>\n<p>Encend\u00ed la radio, no informaban nada. Me cambi\u00e9 y sal\u00ed a la calle. Gente en la esquina de calle Balcarce miraba hacia Catamarca. El temblor continuaba. Al caminar por Balcarce, en direcci\u00f3n a Catamarca, empec\u00e9 a escuchar los primeros rumores: \u201cexplot\u00f3 un edificio\u201d, \u201cuna caldera\u201d, \u201cuna bomba\u201d.<\/p>\n<p>A pesar de no presenciar nunca una guerra, asoci\u00e9 el panorama con el de una guerra. Una imagen b\u00e9lica, de destrucci\u00f3n, vidrios rotos, escombros, gente llorando, gente gritando, gente en p\u00e1nico. En un momento observo la \u00faltima torre del edificio. La estructura era la misma a la de un edificio abandonado, sin terminar. \u00a0Destrucci\u00f3n total, sin saber que una torre se hab\u00eda ca\u00eddo completamente. No quise continuar caminando, prefer\u00ed volver a mi casa. En parte, porque hab\u00eda un temor a que alguna parte de la manzana vuelva a explotar pero tambi\u00e9n porque no pod\u00eda soportar los gritos sin saber qu\u00e9 hacer.<\/p>\n<p>El resto de la ma\u00f1ana estuve atendiendo llamados, respondiendo mensajes de familiares, amigos y conocidos que sab\u00edan que yo viv\u00eda por esa zona y quer\u00edan tener informaci\u00f3n de primera mano , y confirmar que est\u00e1bamos bien. Dem\u00e1s est\u00e1 decir, que radio, televisi\u00f3n y computadora no se apagaron en todo ese d\u00eda, consultando constantemente los hechos.<\/p>\n<p>Cuando iba a trabajar por Boulevard Oro\u00f1o para tomar el colectivo, pasaban ambulancias y bomberos de ciudades cercanas que se dirig\u00edan al lugar del hecho. V\u00edctimas o testigos de la cat\u00e1strofe, lloraban sin consuelo. Una mujer llorando, ven\u00eda caminando hacia m\u00ed. Me inundaron unas ganas locas de abrazarla, pero no pude, me reprim\u00ed. Estuve pensando todo ese d\u00eda en por qu\u00e9 no la abrac\u00e9, en lo bien que nos hubiera venido a ambas ese abrazo.<\/p>\n<p>A la noche, al volver de la facultad, un silencio de tristeza invad\u00eda la zona. Unos grupos de amigos y parejas com\u00edan en el bar de la esquina. Me costaba entender c\u00f3mo pod\u00edan estar comiendo en ese lugar tan tranquilamente. Y ah\u00ed me puse a pensar en la frase \u201cla vida sigue\u201d. Que perdemos todo y hay que continuar. Sin embargo, despu\u00e9s de un hecho as\u00ed, para las personas perjudicadas, para los familiares de las v\u00edctimas fatales, para los vecinos de la cuadra, del barrio, para los testigos, para los rescatistas, la continuidad no va hacer tan liviana. Se perdieron vidas, casas, recuerdos.<\/p>\n<p>La explosi\u00f3n nos sacudi\u00f3 como ciudad, nos puso a pensar en las normas no cumplidas, en las inspecciones no hechas. Pero tambi\u00e9n, sirvi\u00f3 para pensar que a lo mejor esta modernidad no es tan l\u00edquida, que aun hay rastros de una ciudad solidaria.<\/p>\n<p>El 5 de agosto literalmente me sacudi\u00f3.<\/p>\n","protected":false},"excerpt":{"rendered":"<p>Por Guillermina Durando Pesado sacud\u00f3n El 6 de agosto me despert\u00f3 la explosi\u00f3n de calle Salta. Un temblor seguido de un estruendo, nunca antes sentido, me hizo saltar de la cama. Sin saber muy bien lo que estaba pasando, al levantar la persiana de mi habitaci\u00f3n, vi el hongo de humo marr\u00f3n que se formaba [&hellip;]<\/p>\n","protected":false},"author":16,"featured_media":0,"comment_status":"open","ping_status":"open","sticky":false,"template":"","format":"standard","meta":{"footnotes":""},"categories":[8,3],"tags":[],"_links":{"self":[{"href":"https:\/\/redaccion1.fcpolit.unr.edu.ar\/comision-liberatore\/wp-json\/wp\/v2\/posts\/672"}],"collection":[{"href":"https:\/\/redaccion1.fcpolit.unr.edu.ar\/comision-liberatore\/wp-json\/wp\/v2\/posts"}],"about":[{"href":"https:\/\/redaccion1.fcpolit.unr.edu.ar\/comision-liberatore\/wp-json\/wp\/v2\/types\/post"}],"author":[{"embeddable":true,"href":"https:\/\/redaccion1.fcpolit.unr.edu.ar\/comision-liberatore\/wp-json\/wp\/v2\/users\/16"}],"replies":[{"embeddable":true,"href":"https:\/\/redaccion1.fcpolit.unr.edu.ar\/comision-liberatore\/wp-json\/wp\/v2\/comments?post=672"}],"version-history":[{"count":0,"href":"https:\/\/redaccion1.fcpolit.unr.edu.ar\/comision-liberatore\/wp-json\/wp\/v2\/posts\/672\/revisions"}],"wp:attachment":[{"href":"https:\/\/redaccion1.fcpolit.unr.edu.ar\/comision-liberatore\/wp-json\/wp\/v2\/media?parent=672"}],"wp:term":[{"taxonomy":"category","embeddable":true,"href":"https:\/\/redaccion1.fcpolit.unr.edu.ar\/comision-liberatore\/wp-json\/wp\/v2\/categories?post=672"},{"taxonomy":"post_tag","embeddable":true,"href":"https:\/\/redaccion1.fcpolit.unr.edu.ar\/comision-liberatore\/wp-json\/wp\/v2\/tags?post=672"}],"curies":[{"name":"wp","href":"https:\/\/api.w.org\/{rel}","templated":true}]}}