{"id":64,"date":"2007-09-13T17:35:40","date_gmt":"2007-09-13T17:35:40","guid":{"rendered":"http:\/\/fcpolit.unr.edu.ar\/blogs\/redaccion1-liberatore\/2007\/09\/13\/noticias-en-redaccion\/"},"modified":"2007-09-13T17:35:40","modified_gmt":"2007-09-13T17:35:40","slug":"noticias-en-redaccion","status":"publish","type":"post","link":"https:\/\/redaccion1.fcpolit.unr.edu.ar\/comision-liberatore\/2007\/09\/13\/noticias-en-redaccion\/","title":{"rendered":"Noticias en Redacci\u00f3n"},"content":{"rendered":"<p>Estilos directo e indirecto<br \/>\nClase de redacci\u00f3n &#8211;  En el d\u00eda de ayer como sab\u00edamos, hab\u00eda que leer el texto base n\u00famero 2 y 3 (\u201cEnunciados referidos\u201d y \u201cLa entrevista como herramienta de recolecci\u00f3n de datos\u201d) para hacer un breve repaso en el aula junto a Ana.<\/p>\n<p><!--more--><br \/>\nEstilo directo y estilo indirecto: Estos dos estilos refieren a formatos com\u00fanmente utilizados por los periodistas para editar las entrevistas. Ana nos coment\u00f3 las diferencias ejemplificando en la pizarra.<br \/>\nLuego de terminada la primer hora, nos dirigimos al sal\u00f3n de Inform\u00e1tica, en donde nos dicto algunos trabajos. El primero consist\u00eda en elegir una entrevista y analizarla desde la perspectiva de la unidad cinco. Despu\u00e9s nos dicto otro, en el que hab\u00eda que realizar una entrevista a un ser real o imaginario.<br \/>\nAna nos coment\u00f3 que a partir del d\u00eda siguiente uno de los alumnos debe realizar un informe de la clase en forma de noticia, para dicha elecci\u00f3n se recurri\u00f3 a un sorteo sugerido por la profesora.<br \/>\nLa clase fue instructiva y todos adquirimos los conocimientos de dicha unidad.<br \/>\nAugusto Mainieri<\/p>\n","protected":false},"excerpt":{"rendered":"<p>Estilos directo e indirecto Clase de redacci\u00f3n &#8211; En el d\u00eda de ayer como sab\u00edamos, hab\u00eda que leer el texto base n\u00famero 2 y 3 (\u201cEnunciados referidos\u201d y \u201cLa entrevista como herramienta de recolecci\u00f3n de datos\u201d) para hacer un breve repaso en el aula junto a Ana.<\/p>\n","protected":false},"author":19,"featured_media":0,"comment_status":"open","ping_status":"closed","sticky":false,"template":"","format":"standard","meta":{"footnotes":""},"categories":[3],"tags":[],"_links":{"self":[{"href":"https:\/\/redaccion1.fcpolit.unr.edu.ar\/comision-liberatore\/wp-json\/wp\/v2\/posts\/64"}],"collection":[{"href":"https:\/\/redaccion1.fcpolit.unr.edu.ar\/comision-liberatore\/wp-json\/wp\/v2\/posts"}],"about":[{"href":"https:\/\/redaccion1.fcpolit.unr.edu.ar\/comision-liberatore\/wp-json\/wp\/v2\/types\/post"}],"author":[{"embeddable":true,"href":"https:\/\/redaccion1.fcpolit.unr.edu.ar\/comision-liberatore\/wp-json\/wp\/v2\/users\/19"}],"replies":[{"embeddable":true,"href":"https:\/\/redaccion1.fcpolit.unr.edu.ar\/comision-liberatore\/wp-json\/wp\/v2\/comments?post=64"}],"version-history":[{"count":0,"href":"https:\/\/redaccion1.fcpolit.unr.edu.ar\/comision-liberatore\/wp-json\/wp\/v2\/posts\/64\/revisions"}],"wp:attachment":[{"href":"https:\/\/redaccion1.fcpolit.unr.edu.ar\/comision-liberatore\/wp-json\/wp\/v2\/media?parent=64"}],"wp:term":[{"taxonomy":"category","embeddable":true,"href":"https:\/\/redaccion1.fcpolit.unr.edu.ar\/comision-liberatore\/wp-json\/wp\/v2\/categories?post=64"},{"taxonomy":"post_tag","embeddable":true,"href":"https:\/\/redaccion1.fcpolit.unr.edu.ar\/comision-liberatore\/wp-json\/wp\/v2\/tags?post=64"}],"curies":[{"name":"wp","href":"https:\/\/api.w.org\/{rel}","templated":true}]}}