{"id":63,"date":"2007-09-13T11:21:18","date_gmt":"2007-09-13T11:21:18","guid":{"rendered":"http:\/\/fcpolit.unr.edu.ar\/blogs\/redaccion1-liberatore\/2007\/09\/13\/redaccion-en-las-noticias\/"},"modified":"2007-09-13T11:21:18","modified_gmt":"2007-09-13T11:21:18","slug":"redaccion-en-las-noticias","status":"publish","type":"post","link":"https:\/\/redaccion1.fcpolit.unr.edu.ar\/comision-liberatore\/2007\/09\/13\/redaccion-en-las-noticias\/","title":{"rendered":"Redacci\u00f3n en las noticias"},"content":{"rendered":"<p>Rosario, 12 de septiembre de 2007.<br \/>\nC\u00e1tedra de Redacci\u00f3n I<br \/>\n\u201cNUEVA ACTIVIDAD EN EL TALLER DE REDACCI\u00d3N\u201d<br \/>\nDesde el d\u00eda 12 de septiembre, el taller de redacci\u00f3n de los mi\u00e9rcoles  a las 20 hs, que esta a cargo de la Licenciada Ana Liberatore, tendr\u00e1 una nueva actividad, adicional a las que ya ven\u00eda trabajando.<\/p>\n<p><!--more--><br \/>\nEl hecho tuvo lugar el mi\u00e9rcoles 12 de septiembre, a las 20:25 hs, en el aula de inform\u00e1tica del segundo piso del edificio de la facultad de Ciencias Pol\u00edticas y Relaciones Internacionales, ubicada en Riobamba al 100 bis.<br \/>\nLa propuesta  fue dada por la Licenciada, poco despu\u00e9s de que los alumnos arribaran al aula y antes de comenzar la clase pautada para el d\u00eda de la fecha; consiste en redactar en forma de noticia los acontecimientos que ocurran durante una clase, que  luego ser\u00e1 publicado en el blog de la c\u00e1tedra, y agreg\u00f3: \u201cCada semana estar\u00e1 a cargo un alumno diferente, la elecci\u00f3n la haremos al final de la clase y ser\u00e1 al azar\u201d.<br \/>\nAnte tal situaci\u00f3n, los alumnos desorientados, aceptaron la actividad sin objeciones, luego contin\u00fao la clase con su desarrollo normal, la primera mitad  se trat\u00f3 la teor\u00eda y despu\u00e9s se hicieron  las actividades correspondientes.<br \/>\nAntes de la finalizaci\u00f3n, fue el momento de la elecci\u00f3n, la profesora se encarg\u00f3 de anotar los nombres de cada alumno en peque\u00f1os papelitos y doblarlos, y  cada estudiante sac\u00f3 uno de estos papeles que tenia un nombre -algunos estaban ausentes, otros se auto sacaron  y otros hasta  predijeron el orden  en que iban a salir-  y as\u00ed se fue confeccionando el orden de la lista  de trabajo para las pr\u00f3ximas semanas.<br \/>\nLa  clase concluy\u00f3 sin inconvenientes, aunque m\u00e1s de uno qued\u00f3 un poco preocupado por la  noticia.<br \/>\nAutora: Cecilia Ciarlo<\/p>\n","protected":false},"excerpt":{"rendered":"<p>Rosario, 12 de septiembre de 2007. C\u00e1tedra de Redacci\u00f3n I \u201cNUEVA ACTIVIDAD EN EL TALLER DE REDACCI\u00d3N\u201d Desde el d\u00eda 12 de septiembre, el taller de redacci\u00f3n de los mi\u00e9rcoles a las 20 hs, que esta a cargo de la Licenciada Ana Liberatore, tendr\u00e1 una nueva actividad, adicional a las que ya ven\u00eda trabajando.<\/p>\n","protected":false},"author":19,"featured_media":0,"comment_status":"open","ping_status":"closed","sticky":false,"template":"","format":"standard","meta":{"footnotes":""},"categories":[4],"tags":[],"_links":{"self":[{"href":"https:\/\/redaccion1.fcpolit.unr.edu.ar\/comision-liberatore\/wp-json\/wp\/v2\/posts\/63"}],"collection":[{"href":"https:\/\/redaccion1.fcpolit.unr.edu.ar\/comision-liberatore\/wp-json\/wp\/v2\/posts"}],"about":[{"href":"https:\/\/redaccion1.fcpolit.unr.edu.ar\/comision-liberatore\/wp-json\/wp\/v2\/types\/post"}],"author":[{"embeddable":true,"href":"https:\/\/redaccion1.fcpolit.unr.edu.ar\/comision-liberatore\/wp-json\/wp\/v2\/users\/19"}],"replies":[{"embeddable":true,"href":"https:\/\/redaccion1.fcpolit.unr.edu.ar\/comision-liberatore\/wp-json\/wp\/v2\/comments?post=63"}],"version-history":[{"count":0,"href":"https:\/\/redaccion1.fcpolit.unr.edu.ar\/comision-liberatore\/wp-json\/wp\/v2\/posts\/63\/revisions"}],"wp:attachment":[{"href":"https:\/\/redaccion1.fcpolit.unr.edu.ar\/comision-liberatore\/wp-json\/wp\/v2\/media?parent=63"}],"wp:term":[{"taxonomy":"category","embeddable":true,"href":"https:\/\/redaccion1.fcpolit.unr.edu.ar\/comision-liberatore\/wp-json\/wp\/v2\/categories?post=63"},{"taxonomy":"post_tag","embeddable":true,"href":"https:\/\/redaccion1.fcpolit.unr.edu.ar\/comision-liberatore\/wp-json\/wp\/v2\/tags?post=63"}],"curies":[{"name":"wp","href":"https:\/\/api.w.org\/{rel}","templated":true}]}}