{"id":46,"date":"2006-08-24T22:48:09","date_gmt":"2006-08-24T22:48:09","guid":{"rendered":"http:\/\/fcpolit.unr.edu.ar\/blogs\/redaccion1-liberatore\/2006\/08\/24\/taller-de-lectura-no-5\/"},"modified":"2006-08-24T22:48:09","modified_gmt":"2006-08-24T22:48:09","slug":"taller-de-lectura-no-5","status":"publish","type":"post","link":"https:\/\/redaccion1.fcpolit.unr.edu.ar\/comision-liberatore\/2006\/08\/24\/taller-de-lectura-no-5\/","title":{"rendered":"Taller de lectura n\u00ba 5"},"content":{"rendered":"<p><img loading=\"lazy\" decoding=\"async\" alt=\"43062844-B14B-BC87-70750F0684694D40.jpg\" src=\"http:\/\/www.dialogica.com.ar\/unr\/redaccion1\/alaura\/archivos\/43062844-B14B-BC87-70750F0684694D40.jpg\" width=\"126\" height=\"166\" \/><br \/>\n1) A modo de cierre de la Unidad Tres te proponemos: ingres\u00e1 en alg\u00fan buscador de la web (www.google.com.ar, www.yahoo.com.ar, etc.) las palabras \u201cagenda medi\u00e1tica\u201d. A partir de las opciones que se te presentan, seleccion\u00e1 un texto y analiz\u00e1 en \u00e9l las dimensiones y los niveles que componen el cubo de Marro y Dellamea. Incluir el texto seleccionado en la respuesta de la consigna.<br \/>\n2) Elegir un diario nacional (La Naci\u00f3n, Clar\u00edn, P\u00e1gina 12, Cr\u00f3nica, La Prensa, Infobae, Diario Popular, etc) y un diario local (podes elegir un diario de Rosario o de tu ciudad o pueblo). Realizar una lectura comparativa de ambos medios durante una semana. Elaborar un informe en el que describas las diferencias que encuentres, en cuanto a estilo (titulares, tipograf\u00eda, fotograf\u00eda, columnas, etc), formato (tabloide, s\u00e1bana, etc), tratamiento de la informaci\u00f3n, cantidad de p\u00e1ginas y tipo de secciones, audiencia, etc.<br \/>\n3) Teniendo en cuenta tu lectura del diario nacional, realiz\u00e1 un an\u00e1lisis de la agenda medi\u00e1tica de la semana. Para ello ten\u00e9 en cuenta los siguientes interrogantes: \u00bfCu\u00e1les son los temas predominantes de la semana? \u00bfCu\u00e1l es su continuidad? \u00bfQu\u00e9 actores sociales se ponen en juego? \u00bfQu\u00e9 fuentes se utilizan? \u00bfC\u00f3mo repercute la agenda nacional sobre el diario local? \u00bfQu\u00e9 diferencias encontr\u00e1s en cuanto al tratamiento de la informaci\u00f3n?<br \/>\n4) A modo de conclusi\u00f3n, justificar brevemente la elecci\u00f3n de ambos medios y expresar tu opini\u00f3n respecto a los mismos.<\/p>\n<p><!--more--><br \/>\n<em>Importante: la consigna n\u00ba 1 ser\u00e1 realizada en clase. Las consignas 2, 3 y 4 deben entregarse por correo electr\u00f3nico antes del viernes 1\u00ba de septiembre.<\/em><\/p>\n","protected":false},"excerpt":{"rendered":"<p>1) A modo de cierre de la Unidad Tres te proponemos: ingres\u00e1 en alg\u00fan buscador de la web (www.google.com.ar, www.yahoo.com.ar, etc.) las palabras \u201cagenda medi\u00e1tica\u201d. A partir de las opciones que se te presentan, seleccion\u00e1 un texto y analiz\u00e1 en \u00e9l las dimensiones y los niveles que componen el cubo de Marro y Dellamea. Incluir [&hellip;]<\/p>\n","protected":false},"author":16,"featured_media":0,"comment_status":"open","ping_status":"closed","sticky":false,"template":"","format":"standard","meta":{"footnotes":""},"categories":[3],"tags":[],"_links":{"self":[{"href":"https:\/\/redaccion1.fcpolit.unr.edu.ar\/comision-liberatore\/wp-json\/wp\/v2\/posts\/46"}],"collection":[{"href":"https:\/\/redaccion1.fcpolit.unr.edu.ar\/comision-liberatore\/wp-json\/wp\/v2\/posts"}],"about":[{"href":"https:\/\/redaccion1.fcpolit.unr.edu.ar\/comision-liberatore\/wp-json\/wp\/v2\/types\/post"}],"author":[{"embeddable":true,"href":"https:\/\/redaccion1.fcpolit.unr.edu.ar\/comision-liberatore\/wp-json\/wp\/v2\/users\/16"}],"replies":[{"embeddable":true,"href":"https:\/\/redaccion1.fcpolit.unr.edu.ar\/comision-liberatore\/wp-json\/wp\/v2\/comments?post=46"}],"version-history":[{"count":0,"href":"https:\/\/redaccion1.fcpolit.unr.edu.ar\/comision-liberatore\/wp-json\/wp\/v2\/posts\/46\/revisions"}],"wp:attachment":[{"href":"https:\/\/redaccion1.fcpolit.unr.edu.ar\/comision-liberatore\/wp-json\/wp\/v2\/media?parent=46"}],"wp:term":[{"taxonomy":"category","embeddable":true,"href":"https:\/\/redaccion1.fcpolit.unr.edu.ar\/comision-liberatore\/wp-json\/wp\/v2\/categories?post=46"},{"taxonomy":"post_tag","embeddable":true,"href":"https:\/\/redaccion1.fcpolit.unr.edu.ar\/comision-liberatore\/wp-json\/wp\/v2\/tags?post=46"}],"curies":[{"name":"wp","href":"https:\/\/api.w.org\/{rel}","templated":true}]}}