{"id":450,"date":"2012-09-22T13:41:59","date_gmt":"2012-09-22T13:41:59","guid":{"rendered":"http:\/\/fcpolit.unr.edu.ar\/blogs\/redaccion1-liberatore\/?p=450"},"modified":"2012-09-22T13:41:59","modified_gmt":"2012-09-22T13:41:59","slug":"resumen-comision-7-dia-19-30hs","status":"publish","type":"post","link":"https:\/\/redaccion1.fcpolit.unr.edu.ar\/comision-liberatore\/2012\/09\/22\/resumen-comision-7-dia-19-30hs\/","title":{"rendered":"RESUMEN COMISI\u00d3N 7 D\u00cdA 19.30hs."},"content":{"rendered":"<p><a href=\"https:\/\/blogs.fcpolit.unr.edu.ar\/redaccion1-liberatore\/files\/2012\/09\/Imagen.jpg\"><img loading=\"lazy\" decoding=\"async\" class=\"alignleft size-thumbnail wp-image-451\" src=\"https:\/\/blogs.fcpolit.unr.edu.ar\/redaccion1-liberatore\/files\/2012\/09\/Imagen-150x150.jpg\" alt=\"\" width=\"150\" height=\"150\" \/><\/a>El \u00faltimo mi\u00e9rcoles la clase empez\u00f3 un poco triste para nuestra comisi\u00f3n, ya que entrabamos con la noticia que el compa\u00f1ero Jeisson Gonz\u00e1lez decidi\u00f3 volverse para su pa\u00eds de origen, Colombia, y no estar\u00e1 m\u00e1s en la c\u00e1tedra de Redacci\u00f3n 1, en lo que queda del a\u00f1o. Pas\u00f3 a comunicarnos esa decisi\u00f3n y a saludarnos.<\/p>\n<p>\u00a1Hasta pronto Jeisson y mucha suerte!. <!--more--><br \/>\nLuego de ese momento comenzamos, con muy poca gente, tan solo \u00e9ramos 5 alumnos (Julia, Nicol\u00e1s, que tambi\u00e9n \u00a0Berenice, Natali y yo). Como es habitu\u00e9 Ana comenz\u00f3 preguntando que hab\u00edamos le\u00eddo en la semana. Empez\u00f3 contando julia de un texto de Sigmund Freud, que hablaba sobre la histeria. Segu\u00ed yo hablando de otros de los textos del llamado padre del psicoan\u00e1lisis, este trataba del consciente y el inconsciente, cuando se juntan en el m\u00e9todo post-hipn\u00f3tico.<br \/>\nTerminada ya las lecturas individuales de cada uno, empezamos con la teor\u00eda de la materia. En esta oportunidad iniciamos\u00a0 la unidad 6, hablando de los textos que se narran, cuentan, comentan, opinan, etc. que se encuentran en las novelas, los cuentos, los guiones, las noticias, las leyendas, las historietas.<br \/>\nSobre esto, nuevamente, la alumna Julia y yo, comentamos del discurso dado por Steve Jobs, creador de Apple, en la Universidad de Stanford en el a\u00f1o 2004. Donde dividi\u00f3 su vida en 3 etapas: su nacimiento, su trabajo en el mundo de la tecnolog\u00eda y su pre muerte al conocer que padec\u00eda de c\u00e1ncer.<br \/>\nSiguiendo con la unidad 6 le\u00edmos y analizamos los textos \u201cLa inteligibilidad narrativa\u201d y \u201cMorfolog\u00eda del cuento\u201d.<br \/>\nFinalizando la clase, y mi resumen, Ana nos dio para realizar los trabajos \u201c<a href=\"https:\/\/blogs.fcpolit.unr.edu.ar\/programa\/2008\/07\/19\/noticia-de-manana\/\">Noticia de ma\u00f1ana<\/a>\u201d y \u201c<a href=\"https:\/\/blogs.fcpolit.unr.edu.ar\/programa\/2012\/05\/22\/relatos-de-una-ciudad\/\">Relatos de una ciudad<\/a>\u201d. Tambi\u00e9n nos avis\u00f3\u00a0que el\u00a0pr\u00f3ximo parcial\u00a0 ser\u00e1 el mi\u00e9rcoles 3 de octubre, y se tomar\u00e1n las unidades 3, 4 y 5.<\/p>\n","protected":false},"excerpt":{"rendered":"<p>El \u00faltimo mi\u00e9rcoles la clase empez\u00f3 un poco triste para nuestra comisi\u00f3n, ya que entrabamos con la noticia que el compa\u00f1ero Jeisson Gonz\u00e1lez decidi\u00f3 volverse para su pa\u00eds de origen, Colombia, y no estar\u00e1 m\u00e1s en la c\u00e1tedra de Redacci\u00f3n 1, en lo que queda del a\u00f1o. Pas\u00f3 a comunicarnos esa decisi\u00f3n y a saludarnos. [&hellip;]<\/p>\n","protected":false},"author":16,"featured_media":0,"comment_status":"open","ping_status":"open","sticky":false,"template":"","format":"standard","meta":{"footnotes":""},"categories":[7,14],"tags":[],"_links":{"self":[{"href":"https:\/\/redaccion1.fcpolit.unr.edu.ar\/comision-liberatore\/wp-json\/wp\/v2\/posts\/450"}],"collection":[{"href":"https:\/\/redaccion1.fcpolit.unr.edu.ar\/comision-liberatore\/wp-json\/wp\/v2\/posts"}],"about":[{"href":"https:\/\/redaccion1.fcpolit.unr.edu.ar\/comision-liberatore\/wp-json\/wp\/v2\/types\/post"}],"author":[{"embeddable":true,"href":"https:\/\/redaccion1.fcpolit.unr.edu.ar\/comision-liberatore\/wp-json\/wp\/v2\/users\/16"}],"replies":[{"embeddable":true,"href":"https:\/\/redaccion1.fcpolit.unr.edu.ar\/comision-liberatore\/wp-json\/wp\/v2\/comments?post=450"}],"version-history":[{"count":0,"href":"https:\/\/redaccion1.fcpolit.unr.edu.ar\/comision-liberatore\/wp-json\/wp\/v2\/posts\/450\/revisions"}],"wp:attachment":[{"href":"https:\/\/redaccion1.fcpolit.unr.edu.ar\/comision-liberatore\/wp-json\/wp\/v2\/media?parent=450"}],"wp:term":[{"taxonomy":"category","embeddable":true,"href":"https:\/\/redaccion1.fcpolit.unr.edu.ar\/comision-liberatore\/wp-json\/wp\/v2\/categories?post=450"},{"taxonomy":"post_tag","embeddable":true,"href":"https:\/\/redaccion1.fcpolit.unr.edu.ar\/comision-liberatore\/wp-json\/wp\/v2\/tags?post=450"}],"curies":[{"name":"wp","href":"https:\/\/api.w.org\/{rel}","templated":true}]}}